{"id":150887,"date":"2026-04-28T20:21:25","date_gmt":"2026-04-28T23:21:25","guid":{"rendered":"https:\/\/revistaesperanzas.com\/web\/?p=150887"},"modified":"2026-04-28T20:21:25","modified_gmt":"2026-04-28T23:21:25","slug":"500-concursantes-en-el-mundialito-del-club-de-pescadores-moncholitos-verdes","status":"publish","type":"post","link":"https:\/\/revistaesperanzas.com\/web\/2026\/04\/500-concursantes-en-el-mundialito-del-club-de-pescadores-moncholitos-verdes\/","title":{"rendered":"500 CONCURSANTES EN EL MUNDIALITO DEL CLUB DE PESCADORES \u201cMONCHOLITOS VERDES\u201d"},"content":{"rendered":"<p style=\"font-weight: 400;\">El domingo se desarroll\u00f3 el tradicional concurso de pesca de costa organizado por el Club de Pesca \u201cMoncholitos Verdes\u201d en playa El Inga. El presidente de la entidad pesquera, Jorge Calvi, en contacto con Radio Ciudad, destac\u00f3 la participaci\u00f3n de 340 menores y 160 j\u00f3venes y adultos en el mencionado certamen.<\/p>\n<p style=\"font-weight: 400;\">En el di\u00e1logo mantenido con el dirigente, este reconoci\u00f3 y agradeci\u00f3 el aporte de la Municipalidad, principalmente el apoyo recibido por el intendente Mariano Hormaechea, as\u00ed como tambi\u00e9n el aporte de comercios locales con obsequios para los sorteos.<\/p>\n<p style=\"font-weight: 400;\">Los 340 menores concursantes, con el solo hecho de registrar su inscripci\u00f3n, llevaron un kit conteniendo 1 botella para el agua, yogurt y entrada para el cine.<\/p>\n<p style=\"font-weight: 400;\">El presidente de la entidad de los pescadores explic\u00f3: \u201cEn virtud de la gran inscripci\u00f3n en la categor\u00eda menores, que desde las 7 horas se volcaron hacia la playita, a sugerencia del secretario de Turismo Sebasti\u00e1n Candia, se propuso dos tandas de pescadores: una mitad lo hizo desde las 9 y, al finalizar, despu\u00e9s de las 10 horas, la segunda tanda. La alegr\u00eda fue que todos pudieron practicar este deporte; recordando que el concurso ha sido de pesca y devoluci\u00f3n, y los menores acompa\u00f1ados de un mayor\u201d.<\/p>\n<p style=\"font-weight: 400;\">Por la tarde se prosigui\u00f3 con la participaci\u00f3n de j\u00f3venes y adultos, con una buena concurrencia, \u201c160 pescadores buscando ser parte de este certamen, nuestro \u201cMundialito\u201d que nos prepara para vivir la experiencia del Mundial de Pesca\u201d.<\/p>\n<p style=\"font-weight: 400;\">Al final, Jorge Nelson Calvi volvi\u00f3 a reconocer \u201cel apoyo de la Municipalidad, del intendente Mariano Hormaechea, del secretario de Turismo Sebasti\u00e1n Candia De Biasio, del empresario Jos\u00e9 Urdiro por el aporte para las \u201cbolsitas\u201d y de Cine de la Costa, sin olvidarnos de los padres por el acompa\u00f1amiento\u201d.<\/p>\n<p style=\"font-weight: 400;\">Destac\u00f3 luego: \u201cLlegamos a este n\u00famero superando la cantidad de las ediciones pasadas, ahora nos queda la ilusi\u00f3n con nuestros 11 equipos que participar\u00e1n del Mundial de Pesca\u201d.<a href=\"https:\/\/revistaesperanzas.com\/web\/2026\/04\/500-concursantes-en-el-mundialito-del-club-de-pescadores-moncholitos-verdes\/mundialito-moncholitos-verdes-2\/\" rel=\"attachment wp-att-150889\"><img loading=\"lazy\" decoding=\"async\" class=\"alignnone  wp-image-150889\" src=\"https:\/\/revistaesperanzas.com\/web\/wp-content\/uploads\/2026\/04\/Mundialito-Moncholitos-verdes-2.jpg\" alt=\"\" width=\"688\" height=\"487\" srcset=\"https:\/\/revistaesperanzas.com\/web\/wp-content\/uploads\/2026\/04\/Mundialito-Moncholitos-verdes-2.jpg 600w, https:\/\/revistaesperanzas.com\/web\/wp-content\/uploads\/2026\/04\/Mundialito-Moncholitos-verdes-2-593x420.jpg 593w, https:\/\/revistaesperanzas.com\/web\/wp-content\/uploads\/2026\/04\/Mundialito-Moncholitos-verdes-2-100x70.jpg 100w\" sizes=\"auto, (max-width: 688px) 100vw, 688px\" \/><\/a><\/p>\n<p style=\"font-weight: 400;\"><strong>Categor\u00eda Hombre<\/strong><\/p>\n<p style=\"font-weight: 400;\">1er puesto<\/p>\n<p style=\"font-weight: 400;\">Rodr\u00edguez Mart\u00edn<\/p>\n<p style=\"font-weight: 400;\">107 \u00d1embo Tavy<\/p>\n<p style=\"font-weight: 400;\">2do puesto<\/p>\n<p style=\"font-weight: 400;\">Pintos Abel<\/p>\n<p style=\"font-weight: 400;\">105 \u00d1embo Tavy<\/p>\n<p style=\"font-weight: 400;\">3er puesto<\/p>\n<p style=\"font-weight: 400;\">Escobar Elio<\/p>\n<p style=\"font-weight: 400;\">85 \u00d1embo Tavy<\/p>\n<p style=\"font-weight: 400;\">4to puesto<\/p>\n<p style=\"font-weight: 400;\">Zampallone Oscar<\/p>\n<p style=\"font-weight: 400;\">84 Hurac\u00e1n<\/p>\n<p style=\"font-weight: 400;\">5to puesto<\/p>\n<p style=\"font-weight: 400;\">Aguilar Oscar<\/p>\n<p style=\"font-weight: 400;\">61 \u00d1embo Tavy<\/p>\n<p style=\"font-weight: 400;\">6to puesto<\/p>\n<p style=\"font-weight: 400;\">Borda Luis<\/p>\n<p style=\"font-weight: 400;\">56 libre<\/p>\n<p style=\"font-weight: 400;\">7mo puesto<\/p>\n<p style=\"font-weight: 400;\">V\u00e1zquez Alfredo<\/p>\n<p style=\"font-weight: 400;\">45 Pind\u00e1 Po\u00e1<\/p>\n<p style=\"font-weight: 400;\">8vo puesto<\/p>\n<p style=\"font-weight: 400;\">Fern\u00e1ndez Aldo<\/p>\n<p style=\"font-weight: 400;\">43 Carancho Pesca<\/p>\n<p style=\"font-weight: 400;\">9no puesto<\/p>\n<p style=\"font-weight: 400;\">Zampallone Ram\u00f3n<\/p>\n<p style=\"font-weight: 400;\">43 Hurac\u00e1n<\/p>\n<p style=\"font-weight: 400;\">10mo puesto<\/p>\n<p style=\"font-weight: 400;\">39 Escobar Juan<\/p>\n<p style=\"font-weight: 400;\">Pieza mayor<\/p>\n<p style=\"font-weight: 400;\">Aguilar Oscar<\/p>\n<p style=\"font-weight: 400;\">61 cent\u00edmetros. \u00d1embo Tavy<\/p>\n<p style=\"font-weight: 400;\"><strong>Damas<\/strong><\/p>\n<p style=\"font-weight: 400;\">1er puesto<\/p>\n<p style=\"font-weight: 400;\">Mu\u00f1oz Silvia. Pind\u00e1 Po\u00e1<\/p>\n<p style=\"font-weight: 400;\">2do puesto<\/p>\n<p style=\"font-weight: 400;\">Gonz\u00e1lez Maillen<\/p>\n<p style=\"font-weight: 400;\">Libre<\/p>\n<p style=\"font-weight: 400;\">3er puesto<\/p>\n<p style=\"font-weight: 400;\">Leiva Isabel<\/p>\n<p style=\"font-weight: 400;\">Surub\u00ed Yap\u00fa<\/p>\n<p style=\"font-weight: 400;\">Juveniles<\/p>\n<p style=\"font-weight: 400;\">1er puesto<\/p>\n<p style=\"font-weight: 400;\">Mazzaro Santino<\/p>\n<p style=\"font-weight: 400;\">Dorado Rabioso<\/p>\n<p style=\"font-weight: 400;\">2do puesto<\/p>\n<p style=\"font-weight: 400;\">Zampallone Gonzalo<\/p>\n<p style=\"font-weight: 400;\">Hurac\u00e1n<\/p>\n<p style=\"font-weight: 400;\">3er puesto<\/p>\n<p style=\"font-weight: 400;\">Colombo Adri\u00e1n<\/p>\n<ol>\n<li style=\"font-weight: 400;\">Verdes<\/li>\n<\/ol>\n","protected":false},"excerpt":{"rendered":"<p>El domingo se desarroll\u00f3 el tradicional concurso de pesca de costa organizado por el Club de Pesca \u201cMoncholitos Verdes\u201d en playa El Inga. El presidente de la entidad pesquera, Jorge Calvi, en contacto con Radio Ciudad, destac\u00f3 la participaci\u00f3n de 340 menores y 160 j\u00f3venes y adultos en el mencionado certamen. En el di\u00e1logo mantenido [&hellip;]<\/p>\n","protected":false},"author":4,"featured_media":150888,"comment_status":"closed","ping_status":"closed","sticky":false,"template":"","format":"standard","meta":{"footnotes":""},"categories":[45],"tags":[],"class_list":{"0":"post-150887","1":"post","2":"type-post","3":"status-publish","4":"format-standard","5":"has-post-thumbnail","7":"category-locales"},"_links":{"self":[{"href":"https:\/\/revistaesperanzas.com\/web\/wp-json\/wp\/v2\/posts\/150887","targetHints":{"allow":["GET"]}}],"collection":[{"href":"https:\/\/revistaesperanzas.com\/web\/wp-json\/wp\/v2\/posts"}],"about":[{"href":"https:\/\/revistaesperanzas.com\/web\/wp-json\/wp\/v2\/types\/post"}],"author":[{"embeddable":true,"href":"https:\/\/revistaesperanzas.com\/web\/wp-json\/wp\/v2\/users\/4"}],"replies":[{"embeddable":true,"href":"https:\/\/revistaesperanzas.com\/web\/wp-json\/wp\/v2\/comments?post=150887"}],"version-history":[{"count":2,"href":"https:\/\/revistaesperanzas.com\/web\/wp-json\/wp\/v2\/posts\/150887\/revisions"}],"predecessor-version":[{"id":150891,"href":"https:\/\/revistaesperanzas.com\/web\/wp-json\/wp\/v2\/posts\/150887\/revisions\/150891"}],"wp:featuredmedia":[{"embeddable":true,"href":"https:\/\/revistaesperanzas.com\/web\/wp-json\/wp\/v2\/media\/150888"}],"wp:attachment":[{"href":"https:\/\/revistaesperanzas.com\/web\/wp-json\/wp\/v2\/media?parent=150887"}],"wp:term":[{"taxonomy":"category","embeddable":true,"href":"https:\/\/revistaesperanzas.com\/web\/wp-json\/wp\/v2\/categories?post=150887"},{"taxonomy":"post_tag","embeddable":true,"href":"https:\/\/revistaesperanzas.com\/web\/wp-json\/wp\/v2\/tags?post=150887"}],"curies":[{"name":"wp","href":"https:\/\/api.w.org\/{rel}","templated":true}]}}