{"id":150892,"date":"2026-04-28T20:25:36","date_gmt":"2026-04-28T23:25:36","guid":{"rendered":"https:\/\/revistaesperanzas.com\/web\/?p=150892"},"modified":"2026-04-28T20:25:36","modified_gmt":"2026-04-28T23:25:36","slug":"grupo-de-respuesta-inmediata-motorizada-no-1-grim-i","status":"publish","type":"post","link":"https:\/\/revistaesperanzas.com\/web\/2026\/04\/grupo-de-respuesta-inmediata-motorizada-no-1-grim-i\/","title":{"rendered":"GRUPO DE RESPUESTA INMEDIATA MOTORIZADA N\u00ba 1 -GRIM I-"},"content":{"rendered":"<p>En tareas de prevenci\u00f3n, la Polic\u00eda demor\u00f3 a un joven por merodeo y quien resulto poseer antecedentes delictivos.<\/p>\n<p>En horas de la tarde de hoy 28-04-26, efectivos policiales dependientes del Grupo de Respuesta Inmediata Motorizada N\u00ba 1, momentos en que realizaban tareas de prevenci\u00f3n lograron la demora de un joven mayor de edad, que se encontraba merodeando, observando detenidamente las motocicletas estacionadas en la v\u00eda p\u00fablica.<\/p>\n<p>El procedimiento, lo concretaron alrededor de las 18:15 horas, por inmediaciones de Calles P. Borgatti y M. Moreno, siendo el demorado un mayor de 25 a\u00f1os de edad, quien, adem\u00e1s -seg\u00fan las primeras averiguaciones realizadas- se determino que pose\u00eda antecedentes por delitos contra la propiedad.<\/p>\n<p>El demorado, fue trasladado hasta la comisaria jurisdiccional Primera por razones de jurisdicci\u00f3n.<\/p>\n","protected":false},"excerpt":{"rendered":"<p>En tareas de prevenci\u00f3n, la Polic\u00eda demor\u00f3 a un joven por merodeo y quien resulto poseer antecedentes delictivos. En horas de la tarde de hoy 28-04-26, efectivos policiales dependientes del Grupo de Respuesta Inmediata Motorizada N\u00ba 1, momentos en que realizaban tareas de prevenci\u00f3n lograron la demora de un joven mayor de edad, que se [&hellip;]<\/p>\n","protected":false},"author":4,"featured_media":150893,"comment_status":"closed","ping_status":"closed","sticky":false,"template":"","format":"standard","meta":{"footnotes":""},"categories":[58],"tags":[],"class_list":{"0":"post-150892","1":"post","2":"type-post","3":"status-publish","4":"format-standard","5":"has-post-thumbnail","7":"category-corrientes"},"_links":{"self":[{"href":"https:\/\/revistaesperanzas.com\/web\/wp-json\/wp\/v2\/posts\/150892","targetHints":{"allow":["GET"]}}],"collection":[{"href":"https:\/\/revistaesperanzas.com\/web\/wp-json\/wp\/v2\/posts"}],"about":[{"href":"https:\/\/revistaesperanzas.com\/web\/wp-json\/wp\/v2\/types\/post"}],"author":[{"embeddable":true,"href":"https:\/\/revistaesperanzas.com\/web\/wp-json\/wp\/v2\/users\/4"}],"replies":[{"embeddable":true,"href":"https:\/\/revistaesperanzas.com\/web\/wp-json\/wp\/v2\/comments?post=150892"}],"version-history":[{"count":1,"href":"https:\/\/revistaesperanzas.com\/web\/wp-json\/wp\/v2\/posts\/150892\/revisions"}],"predecessor-version":[{"id":150894,"href":"https:\/\/revistaesperanzas.com\/web\/wp-json\/wp\/v2\/posts\/150892\/revisions\/150894"}],"wp:featuredmedia":[{"embeddable":true,"href":"https:\/\/revistaesperanzas.com\/web\/wp-json\/wp\/v2\/media\/150893"}],"wp:attachment":[{"href":"https:\/\/revistaesperanzas.com\/web\/wp-json\/wp\/v2\/media?parent=150892"}],"wp:term":[{"taxonomy":"category","embeddable":true,"href":"https:\/\/revistaesperanzas.com\/web\/wp-json\/wp\/v2\/categories?post=150892"},{"taxonomy":"post_tag","embeddable":true,"href":"https:\/\/revistaesperanzas.com\/web\/wp-json\/wp\/v2\/tags?post=150892"}],"curies":[{"name":"wp","href":"https:\/\/api.w.org\/{rel}","templated":true}]}}