{"id":150895,"date":"2026-04-28T20:27:48","date_gmt":"2026-04-28T23:27:48","guid":{"rendered":"https:\/\/revistaesperanzas.com\/web\/?p=150895"},"modified":"2026-04-28T20:27:59","modified_gmt":"2026-04-28T23:27:59","slug":"comisaria-decimo-septima","status":"publish","type":"post","link":"https:\/\/revistaesperanzas.com\/web\/2026\/04\/comisaria-decimo-septima\/","title":{"rendered":"COMISARIA DECIMO SEPTIMA"},"content":{"rendered":"<p>La Polic\u00eda demor\u00f3 a un hombre, sindicado como el presunto autor de un hecho delictivo, adem\u00e1s secuestr\u00f3 varios tel\u00e9fonos celulares de dudosa procedencia.<\/p>\n<p>Efectivos policiales dependientes de la Comisaria Decimo S\u00e9ptima, llevaron adelante tareas investigativas en relaci\u00f3n a un hecho delictivo -supuesto hurto- registrado d\u00edas atr\u00e1s, y por el cual habr\u00edan identificado al presunto autor, quien fue demorado en horas de la noche de ayer 27-04-26.<\/p>\n<p>El procedimiento, lo concretaron en la v\u00eda p\u00fablica, m\u00e1s precisamente por zonas del barrio Molina Punta, donde identificaron y demoraron a un hombre mayor de 29 a\u00f1os de edad, quien estar\u00eda sindicado como el presunto autor del hecho que se investiga; as\u00ed tambi\u00e9n, en poder del mismo, secuestraron una bolsa, conteniendo en su interior un total de 06 tel\u00e9fonos celulares de los cuales no supo justificar su procedencia.<\/p>\n<p>El demorado, junto a los elementos secuestrados fueron puestos a disposici\u00f3n de la justicia y trasladados hasta la citada comisaria a fin de continuar con los tr\u00e1mites correspondientes.<\/p>\n","protected":false},"excerpt":{"rendered":"<p>La Polic\u00eda demor\u00f3 a un hombre, sindicado como el presunto autor de un hecho delictivo, adem\u00e1s secuestr\u00f3 varios tel\u00e9fonos celulares de dudosa procedencia. Efectivos policiales dependientes de la Comisaria Decimo S\u00e9ptima, llevaron adelante tareas investigativas en relaci\u00f3n a un hecho delictivo -supuesto hurto- registrado d\u00edas atr\u00e1s, y por el cual habr\u00edan identificado al presunto autor, [&hellip;]<\/p>\n","protected":false},"author":4,"featured_media":150896,"comment_status":"closed","ping_status":"closed","sticky":false,"template":"","format":"standard","meta":{"footnotes":""},"categories":[58],"tags":[],"class_list":{"0":"post-150895","1":"post","2":"type-post","3":"status-publish","4":"format-standard","5":"has-post-thumbnail","7":"category-corrientes"},"_links":{"self":[{"href":"https:\/\/revistaesperanzas.com\/web\/wp-json\/wp\/v2\/posts\/150895","targetHints":{"allow":["GET"]}}],"collection":[{"href":"https:\/\/revistaesperanzas.com\/web\/wp-json\/wp\/v2\/posts"}],"about":[{"href":"https:\/\/revistaesperanzas.com\/web\/wp-json\/wp\/v2\/types\/post"}],"author":[{"embeddable":true,"href":"https:\/\/revistaesperanzas.com\/web\/wp-json\/wp\/v2\/users\/4"}],"replies":[{"embeddable":true,"href":"https:\/\/revistaesperanzas.com\/web\/wp-json\/wp\/v2\/comments?post=150895"}],"version-history":[{"count":1,"href":"https:\/\/revistaesperanzas.com\/web\/wp-json\/wp\/v2\/posts\/150895\/revisions"}],"predecessor-version":[{"id":150897,"href":"https:\/\/revistaesperanzas.com\/web\/wp-json\/wp\/v2\/posts\/150895\/revisions\/150897"}],"wp:featuredmedia":[{"embeddable":true,"href":"https:\/\/revistaesperanzas.com\/web\/wp-json\/wp\/v2\/media\/150896"}],"wp:attachment":[{"href":"https:\/\/revistaesperanzas.com\/web\/wp-json\/wp\/v2\/media?parent=150895"}],"wp:term":[{"taxonomy":"category","embeddable":true,"href":"https:\/\/revistaesperanzas.com\/web\/wp-json\/wp\/v2\/categories?post=150895"},{"taxonomy":"post_tag","embeddable":true,"href":"https:\/\/revistaesperanzas.com\/web\/wp-json\/wp\/v2\/tags?post=150895"}],"curies":[{"name":"wp","href":"https:\/\/api.w.org\/{rel}","templated":true}]}}