{"id":150898,"date":"2026-04-28T20:29:50","date_gmt":"2026-04-28T23:29:50","guid":{"rendered":"https:\/\/revistaesperanzas.com\/web\/?p=150898"},"modified":"2026-04-28T20:29:50","modified_gmt":"2026-04-28T23:29:50","slug":"secuestran-tres-motod-de-dudosa-procedencia","status":"publish","type":"post","link":"https:\/\/revistaesperanzas.com\/web\/2026\/04\/secuestran-tres-motod-de-dudosa-procedencia\/","title":{"rendered":"SECUESTRAN TRES MOTOD DE DUDOSA PROCEDENCIA"},"content":{"rendered":"<p>SAN CAYETANO\u00a0 &#8211;\u00a0 Tras la inspecci\u00f3n de talleres de motocicletas, la Polic\u00eda secuestro tres motocicletas de dudosa procedencia.<\/p>\n<p>En horas del mediod\u00eda de hoy 28-04-26, efectivos policiales dependientes de la Comisaria de San Cayetano en forma conjunta y coordinada con la Unidad Anti arrebatos, llevaron adelante inspecci\u00f3n de talleres ubicado en San Cayetano, oportunidad en que secuestraron tres motocicletas de dudosa procedencia.<\/p>\n<p>Uno de los procedimientos lo llevaron a cabo por Avenida San H\u00e9ctor Valdivieso S\u00e1enz y Ruta Nacional N\u00b0 12 y el otro a los pocos metros del mismo lugar, oportunidad en que hallaron y secuestraron tres motocicletas, por falta de documentaciones y una de ellas, a simple vista se encontraba armada con diferentes partes de otros rodados de dudosa procedencia.<\/p>\n<p>En el lugar se identific\u00f3 a dos personas mayores de edad, en tanto los rodados secuestrados fueron puestos a disposici\u00f3n de la justicia y trasladados hasta la citada dependencia, donde se contin\u00faan con los tr\u00e1mites correspondientes.<\/p>\n","protected":false},"excerpt":{"rendered":"<p>SAN CAYETANO\u00a0 &#8211;\u00a0 Tras la inspecci\u00f3n de talleres de motocicletas, la Polic\u00eda secuestro tres motocicletas de dudosa procedencia. En horas del mediod\u00eda de hoy 28-04-26, efectivos policiales dependientes de la Comisaria de San Cayetano en forma conjunta y coordinada con la Unidad Anti arrebatos, llevaron adelante inspecci\u00f3n de talleres ubicado en San Cayetano, oportunidad en [&hellip;]<\/p>\n","protected":false},"author":4,"featured_media":150899,"comment_status":"closed","ping_status":"closed","sticky":false,"template":"","format":"standard","meta":{"footnotes":""},"categories":[58],"tags":[],"class_list":{"0":"post-150898","1":"post","2":"type-post","3":"status-publish","4":"format-standard","5":"has-post-thumbnail","7":"category-corrientes"},"_links":{"self":[{"href":"https:\/\/revistaesperanzas.com\/web\/wp-json\/wp\/v2\/posts\/150898","targetHints":{"allow":["GET"]}}],"collection":[{"href":"https:\/\/revistaesperanzas.com\/web\/wp-json\/wp\/v2\/posts"}],"about":[{"href":"https:\/\/revistaesperanzas.com\/web\/wp-json\/wp\/v2\/types\/post"}],"author":[{"embeddable":true,"href":"https:\/\/revistaesperanzas.com\/web\/wp-json\/wp\/v2\/users\/4"}],"replies":[{"embeddable":true,"href":"https:\/\/revistaesperanzas.com\/web\/wp-json\/wp\/v2\/comments?post=150898"}],"version-history":[{"count":1,"href":"https:\/\/revistaesperanzas.com\/web\/wp-json\/wp\/v2\/posts\/150898\/revisions"}],"predecessor-version":[{"id":150900,"href":"https:\/\/revistaesperanzas.com\/web\/wp-json\/wp\/v2\/posts\/150898\/revisions\/150900"}],"wp:featuredmedia":[{"embeddable":true,"href":"https:\/\/revistaesperanzas.com\/web\/wp-json\/wp\/v2\/media\/150899"}],"wp:attachment":[{"href":"https:\/\/revistaesperanzas.com\/web\/wp-json\/wp\/v2\/media?parent=150898"}],"wp:term":[{"taxonomy":"category","embeddable":true,"href":"https:\/\/revistaesperanzas.com\/web\/wp-json\/wp\/v2\/categories?post=150898"},{"taxonomy":"post_tag","embeddable":true,"href":"https:\/\/revistaesperanzas.com\/web\/wp-json\/wp\/v2\/tags?post=150898"}],"curies":[{"name":"wp","href":"https:\/\/api.w.org\/{rel}","templated":true}]}}