{"id":150901,"date":"2026-04-28T20:37:55","date_gmt":"2026-04-28T23:37:55","guid":{"rendered":"https:\/\/revistaesperanzas.com\/web\/?p=150901"},"modified":"2026-04-28T20:37:55","modified_gmt":"2026-04-28T23:37:55","slug":"detienen-a-una-persona-y-secuestran-objetos-robados","status":"publish","type":"post","link":"https:\/\/revistaesperanzas.com\/web\/2026\/04\/detienen-a-una-persona-y-secuestran-objetos-robados\/","title":{"rendered":"DETIENEN A UNA PERSONA Y SECUESTRAN OBJETOS ROBADOS"},"content":{"rendered":"<p>PASO DE LA PATRIA\u00a0 &#8211;\u00a0 Tras tarea investigativas, la Polic\u00eda recuper\u00f3 elementos denunciados como sustra\u00eddos.<\/p>\n<p>Efectivos policiales dependientes de la Comisaria de Distrito Paso de la Patria, llevaron<a href=\"https:\/\/revistaesperanzas.com\/web\/2026\/04\/detienen-a-una-persona-y-secuestran-objetos-robados\/whatsapp-image-2026-04-28-at-20-23-43-2\/\" rel=\"attachment wp-att-150904\"><img loading=\"lazy\" decoding=\"async\" class=\"alignnone  wp-image-150904\" src=\"https:\/\/revistaesperanzas.com\/web\/wp-content\/uploads\/2026\/04\/WhatsApp-Image-2026-04-28-at-20.23.43-2.jpeg\" alt=\"\" width=\"689\" height=\"482\" srcset=\"https:\/\/revistaesperanzas.com\/web\/wp-content\/uploads\/2026\/04\/WhatsApp-Image-2026-04-28-at-20.23.43-2.jpeg 600w, https:\/\/revistaesperanzas.com\/web\/wp-content\/uploads\/2026\/04\/WhatsApp-Image-2026-04-28-at-20.23.43-2-100x70.jpeg 100w\" sizes=\"auto, (max-width: 689px) 100vw, 689px\" \/><\/a> adelante tareas investigativas en relaci\u00f3n a un hecho delictivo registrado en la v\u00edspera, luego de que un hombre denunciara la sustracci\u00f3n de varios elementos.<\/p>\n<p>A ra\u00edz del hecho, los uniformados lograron determinar que algunos de los elementos estar\u00edan siendo ofrecidos para la venta mediante una red social, por lo que, continuando con los trabajos correspondientes, lograron recuperar dos licuadoras y un candado antirrobo de 84 mil\u00edmetros, con su llave correspondiente, los cuales corresponder\u00edan a alguno de los denunciados como sustra\u00eddos.<\/p>\n<p>Los elementos recuperados fueron trasladados hasta la citada dependencia a fin de continuar con las diligencias del caso.<\/p>\n","protected":false},"excerpt":{"rendered":"<p>PASO DE LA PATRIA\u00a0 &#8211;\u00a0 Tras tarea investigativas, la Polic\u00eda recuper\u00f3 elementos denunciados como sustra\u00eddos. Efectivos policiales dependientes de la Comisaria de Distrito Paso de la Patria, llevaron adelante tareas investigativas en relaci\u00f3n a un hecho delictivo registrado en la v\u00edspera, luego de que un hombre denunciara la sustracci\u00f3n de varios elementos. A ra\u00edz del [&hellip;]<\/p>\n","protected":false},"author":4,"featured_media":150902,"comment_status":"closed","ping_status":"closed","sticky":false,"template":"","format":"standard","meta":{"footnotes":""},"categories":[58],"tags":[],"class_list":{"0":"post-150901","1":"post","2":"type-post","3":"status-publish","4":"format-standard","5":"has-post-thumbnail","7":"category-corrientes"},"_links":{"self":[{"href":"https:\/\/revistaesperanzas.com\/web\/wp-json\/wp\/v2\/posts\/150901","targetHints":{"allow":["GET"]}}],"collection":[{"href":"https:\/\/revistaesperanzas.com\/web\/wp-json\/wp\/v2\/posts"}],"about":[{"href":"https:\/\/revistaesperanzas.com\/web\/wp-json\/wp\/v2\/types\/post"}],"author":[{"embeddable":true,"href":"https:\/\/revistaesperanzas.com\/web\/wp-json\/wp\/v2\/users\/4"}],"replies":[{"embeddable":true,"href":"https:\/\/revistaesperanzas.com\/web\/wp-json\/wp\/v2\/comments?post=150901"}],"version-history":[{"count":2,"href":"https:\/\/revistaesperanzas.com\/web\/wp-json\/wp\/v2\/posts\/150901\/revisions"}],"predecessor-version":[{"id":150906,"href":"https:\/\/revistaesperanzas.com\/web\/wp-json\/wp\/v2\/posts\/150901\/revisions\/150906"}],"wp:featuredmedia":[{"embeddable":true,"href":"https:\/\/revistaesperanzas.com\/web\/wp-json\/wp\/v2\/media\/150902"}],"wp:attachment":[{"href":"https:\/\/revistaesperanzas.com\/web\/wp-json\/wp\/v2\/media?parent=150901"}],"wp:term":[{"taxonomy":"category","embeddable":true,"href":"https:\/\/revistaesperanzas.com\/web\/wp-json\/wp\/v2\/categories?post=150901"},{"taxonomy":"post_tag","embeddable":true,"href":"https:\/\/revistaesperanzas.com\/web\/wp-json\/wp\/v2\/tags?post=150901"}],"curies":[{"name":"wp","href":"https:\/\/api.w.org\/{rel}","templated":true}]}}