{"id":150907,"date":"2026-04-28T22:08:51","date_gmt":"2026-04-29T01:08:51","guid":{"rendered":"https:\/\/revistaesperanzas.com\/web\/?p=150907"},"modified":"2026-04-28T22:08:51","modified_gmt":"2026-04-29T01:08:51","slug":"inauguracion-de-la-costanera-y-puesta-en-valor-de-plaza-italia","status":"publish","type":"post","link":"https:\/\/revistaesperanzas.com\/web\/2026\/04\/inauguracion-de-la-costanera-y-puesta-en-valor-de-plaza-italia\/","title":{"rendered":"INAUGURACI\u00d3N DE LA COSTANERA Y PUESTA EN VALOR DE PLAZA ITALIA"},"content":{"rendered":"<p class=\"x_MsoNormal\">Ciudad de Goya | 2022\u20132026<\/p>\n<p class=\"x_MsoNormal\">Este proyecto urbano-arquitect\u00f3nico constituye una intervenci\u00f3n estrat\u00e9gica que integra infraestructura, espacio p\u00fablico y paisaje, con el r\u00edo Paran\u00e1 como eje central.<\/p>\n<p class=\"x_MsoNormal\">En noviembre de 2022, un proceso de socavamiento provoc\u00f3 el derrumbe de 40 metros de la costanera. A partir de esa situaci\u00f3n, se ejecutaron tareas de emergencia y consolidaci\u00f3n que dieron origen a una obra integral de mayor alcance.<a href=\"https:\/\/revistaesperanzas.com\/web\/2026\/04\/inauguracion-de-la-costanera-y-puesta-en-valor-de-plaza-italia\/costanera-goya-puesta-en-valor-inauguracion-1\/\" rel=\"attachment wp-att-150909\"><img loading=\"lazy\" decoding=\"async\" class=\" wp-image-150909 alignleft\" src=\"https:\/\/revistaesperanzas.com\/web\/wp-content\/uploads\/2026\/04\/Costanera-Goya-puesta-en-valor-inauguracion-1.jpg\" alt=\"\" width=\"702\" height=\"467\" \/><\/a><\/p>\n<p class=\"x_MsoNormal\">Desde 2023, se desarroll\u00f3 la construcci\u00f3n de m\u00e1s de 500 metros de nueva costanera junto con la puesta en valor de la plaza Italia, consolidando un frente urbano que vincula el casco hist\u00f3rico con el r\u00edo, promoviendo un espacio p\u00fablico accesible, sustentable y representativo de la identidad local.<\/p>\n<p class=\"x_MsoNormal\">La obra cumple una doble funci\u00f3n: por un lado, la recuperaci\u00f3n y jerarquizaci\u00f3n del espacio urbano; y por otro, un rol fundamental como sistema de defensa contra las inundaciones del r\u00edo Paran\u00e1, ejecutado conforme al proyecto desarrollado por el Gobierno de la Provincia de Corrientes, la Municipalidad de Goya y con la participaci\u00f3n de la comunidad.<\/p>\n<p class=\"x_MsoNormal\">En este marco, se ejecutaron 468 metros de defensa costera, con m\u00e1s de 1.700 m\u00b3 de hormig\u00f3n armado, m\u00e1s de 100 toneladas de acero y un enrocado superior a las 101.000 toneladas, garantizando la protecci\u00f3n y estabilidad del borde ribere\u00f1o.<\/p>\n<p class=\"x_MsoNormal\">La intervenci\u00f3n se completa con m\u00e1s de 6.000 m\u00b2 de solados, 5.100 m\u00b2 de adoquinado, amplios sectores parquizado con riego autom\u00e1tico, m\u00e1s de 180 elementos de mobiliario urbano, juegos infantiles y equipamiento recreativo.<\/p>\n<p class=\"x_MsoNormal\">Asimismo, se incorpor\u00f3 infraestructura esencial: sistema de desag\u00fces pluviales con c\u00e1maras y rejillas, instalaci\u00f3n el\u00e9ctrica integral con m\u00e1s de 100 luminarias, y un ba\u00f1o p\u00fablico totalmente equipado.<\/p>\n<p class=\"x_MsoNormal\">El dise\u00f1o incluye terrazas y rampas que vinculan los distintos niveles del paseo, asegurando accesibilidad e integraci\u00f3n de todos los sectores.<\/p>\n<p class=\"x_MsoNormal\">Esta obra fue realizada \u00edntegramente con recursos genuinos del Gobierno de la Provincia de Corrientes, en articulaci\u00f3n con la Municipalidad de Goya.<\/p>\n<p class=\"x_MsoNormal\">Hoy, Goya recupera un espacio emblem\u00e1tico, fortalece su v\u00ednculo con el r\u00edo y consolida un lugar de encuentro y disfrute para todos los vecinos.<\/p>\n","protected":false},"excerpt":{"rendered":"<p>Ciudad de Goya | 2022\u20132026 Este proyecto urbano-arquitect\u00f3nico constituye una intervenci\u00f3n estrat\u00e9gica que integra infraestructura, espacio p\u00fablico y paisaje, con el r\u00edo Paran\u00e1 como eje central. En noviembre de 2022, un proceso de socavamiento provoc\u00f3 el derrumbe de 40 metros de la costanera. A partir de esa situaci\u00f3n, se ejecutaron tareas de emergencia y consolidaci\u00f3n [&hellip;]<\/p>\n","protected":false},"author":4,"featured_media":150908,"comment_status":"closed","ping_status":"closed","sticky":false,"template":"","format":"standard","meta":{"footnotes":""},"categories":[45],"tags":[],"class_list":{"0":"post-150907","1":"post","2":"type-post","3":"status-publish","4":"format-standard","5":"has-post-thumbnail","7":"category-locales"},"_links":{"self":[{"href":"https:\/\/revistaesperanzas.com\/web\/wp-json\/wp\/v2\/posts\/150907","targetHints":{"allow":["GET"]}}],"collection":[{"href":"https:\/\/revistaesperanzas.com\/web\/wp-json\/wp\/v2\/posts"}],"about":[{"href":"https:\/\/revistaesperanzas.com\/web\/wp-json\/wp\/v2\/types\/post"}],"author":[{"embeddable":true,"href":"https:\/\/revistaesperanzas.com\/web\/wp-json\/wp\/v2\/users\/4"}],"replies":[{"embeddable":true,"href":"https:\/\/revistaesperanzas.com\/web\/wp-json\/wp\/v2\/comments?post=150907"}],"version-history":[{"count":2,"href":"https:\/\/revistaesperanzas.com\/web\/wp-json\/wp\/v2\/posts\/150907\/revisions"}],"predecessor-version":[{"id":150911,"href":"https:\/\/revistaesperanzas.com\/web\/wp-json\/wp\/v2\/posts\/150907\/revisions\/150911"}],"wp:featuredmedia":[{"embeddable":true,"href":"https:\/\/revistaesperanzas.com\/web\/wp-json\/wp\/v2\/media\/150908"}],"wp:attachment":[{"href":"https:\/\/revistaesperanzas.com\/web\/wp-json\/wp\/v2\/media?parent=150907"}],"wp:term":[{"taxonomy":"category","embeddable":true,"href":"https:\/\/revistaesperanzas.com\/web\/wp-json\/wp\/v2\/categories?post=150907"},{"taxonomy":"post_tag","embeddable":true,"href":"https:\/\/revistaesperanzas.com\/web\/wp-json\/wp\/v2\/tags?post=150907"}],"curies":[{"name":"wp","href":"https:\/\/api.w.org\/{rel}","templated":true}]}}