{"id":150912,"date":"2026-04-29T18:57:32","date_gmt":"2026-04-29T21:57:32","guid":{"rendered":"https:\/\/revistaesperanzas.com\/web\/?p=150912"},"modified":"2026-04-29T18:57:32","modified_gmt":"2026-04-29T21:57:32","slug":"acto-inauguracion-el-gobernador-de-la-provincia-juan-pablo-valdes-dejo-inaugurada-la-nueva-costanera-goya","status":"publish","type":"post","link":"https:\/\/revistaesperanzas.com\/web\/2026\/04\/acto-inauguracion-el-gobernador-de-la-provincia-juan-pablo-valdes-dejo-inaugurada-la-nueva-costanera-goya\/","title":{"rendered":"ACTO INAUGURACI\u00d3N: EL GOBERNADOR DE LA PROVINCIA JUAN PABLO VALD\u00c9S DEJ\u00d3 INAUGURADA LA NUEVA COSTANERA GOYA"},"content":{"rendered":"<p style=\"font-weight: 400;\"><strong>Este proyecto urbano-arquitect\u00f3nico constituye una intervenci\u00f3n estrat\u00e9gica que integra infraestructura, espacio p\u00fablico y paisaje, con el r\u00edo Paran\u00e1 como eje central.<a href=\"https:\/\/revistaesperanzas.com\/web\/2026\/04\/acto-inauguracion-el-gobernador-de-la-provincia-juan-pablo-valdes-dejo-inaugurada-la-nueva-costanera-goya\/inaugurcion-costanera-goya-3\/\" rel=\"attachment wp-att-150914\"><img loading=\"lazy\" decoding=\"async\" class=\" wp-image-150914 alignleft\" src=\"https:\/\/revistaesperanzas.com\/web\/wp-content\/uploads\/2026\/04\/Inaugurcion-costanera-goya-3.jpg\" alt=\"\" width=\"685\" height=\"449\" \/><\/a><\/strong><\/p>\n<p style=\"font-weight: 400;\"><strong>\u00a0<\/strong><strong>El acto de inauguraci\u00f3n de la Nueva Costanera de Goya fue presidido por el Gobernador de la Provincia Juan Pablo Vald\u00e9s, el Vicegobernador Pedro Braillard Poccard, el Intendente de la ciudad de Goya Mariano Hormaechea, el Viceintendente Sebasti\u00e1n Mazzaro, el Vicario Diocesano Padre Juan Carlos Mendoza, el Pastor de la Congregaci\u00f3n Cristiana Lic. Pablo Churruar\u00edn; \u00a0Legisladores Nacionales, provinciales, funcionarios municipales, provinciales, concejales, intendentes de distintas localidades de la provincia, integrantes de las fuerzas armadas, de seguridad, vecinos.<\/strong><\/p>\n<p style=\"font-weight: 400;\"><strong>\u00a0<\/strong><strong>INVOCACI\u00d3N RELIGIOSA<\/strong><\/p>\n<p style=\"font-weight: 400;\"><strong>\u00a0<\/strong><strong>El pedido del amparo y protecci\u00f3n de Dios estuvo a cargo del Vicario de la<a href=\"https:\/\/revistaesperanzas.com\/web\/2026\/04\/acto-inauguracion-el-gobernador-de-la-provincia-juan-pablo-valdes-dejo-inaugurada-la-nueva-costanera-goya\/inaugurcion-costanera-goya-7\/\" rel=\"attachment wp-att-150915\"><img loading=\"lazy\" decoding=\"async\" class=\"alignnone  wp-image-150915\" src=\"https:\/\/revistaesperanzas.com\/web\/wp-content\/uploads\/2026\/04\/Inaugurcion-costanera-goya-7.jpg\" alt=\"\" width=\"687\" height=\"457\" \/><\/a> Di\u00f3cesis Presb\u00edtero Juan Carlos Mendoza y por la Congregaci\u00f3n Cristiana el Pastor Lic. Pablo Churruar\u00edn, quien basado en el texto del Profeta Jerem\u00edas invito a hacer el espacio a inaugurar un lugar de encuentro de todos, donde surgir\u00e1n los recuerdos de otras \u00e9pocas mirando hacia el futuro, pidiendo el amparo de nuestro creador, con una oraci\u00f3n solicitando la bendici\u00f3n del lugar, de los trabajadores, de los que usaran el \u00e1mbito para el encuentro, el desarrollo, rogando que as\u00ed sea conforme a su voluntad\u201d<\/strong><\/p>\n<p style=\"font-weight: 400;\"><strong>El Vicario de la Di\u00f3cesis, tras el saludo a los presentes, utilizando la lengua guaran\u00ed, pidi\u00f3 la protecci\u00f3n de Dios basado en el texto del evangelio de San Juan; tras lo cual solicit\u00f3 la bendici\u00f3n de Dios para que este sea un lugar de encuentro, de vida no de muerte, de memoria no de olvido, rogando a Jes\u00fas que limpie las , que aquellos que vienen con sed encuentren saciar esa sed, y que se produzca ese encuentro de hermanos\u201d invitando luego a rezar juntos el Padre Nuestro y la protecci\u00f3n maternal de Mar\u00eda en la Imagen de la Virgen de Itat\u00ed.<\/strong><\/p>\n<p style=\"font-weight: 400;\"><strong>Impartiendo la bendici\u00f3n en lengua guaran\u00ed, con la correspondiente traducci\u00f3n, en el nombre de Dios y el amparo y protecci\u00f3n de la Virgen Mar\u00eda, para expresar \u201ccuidemos esto, es un bien com\u00fan, es para todos.\u201d<a href=\"https:\/\/revistaesperanzas.com\/web\/2026\/04\/acto-inauguracion-el-gobernador-de-la-provincia-juan-pablo-valdes-dejo-inaugurada-la-nueva-costanera-goya\/inaugurcion-costanera-goya-6\/\" rel=\"attachment wp-att-150916\"><img loading=\"lazy\" decoding=\"async\" class=\"alignnone  wp-image-150916\" src=\"https:\/\/revistaesperanzas.com\/web\/wp-content\/uploads\/2026\/04\/Inaugurcion-costanera-goya-6.jpg\" alt=\"\" width=\"675\" height=\"449\" \/><\/a><\/strong><\/p>\n<p style=\"font-weight: 400;\"><strong>VICTORIA MOREIRA<\/strong><\/p>\n<p style=\"font-weight: 400;\"><strong>En nombre de la escuela 511 Prefectura Naval Argentina, expres\u00f3 en palabras los sentimientos de los goyanos por la recuperaci\u00f3n de este espacio que es \u201cpara nosotros es un espacio para juntarnos, divertirnos, recordando que somos goyanos, no solo inauguramos un nuevo lugar, inauguramos un nuevo tiempo\u201d<\/strong><\/p>\n<p style=\"font-weight: 400;\"><strong>RICARDO SANCHEZ<\/strong><\/p>\n<p style=\"font-weight: 400;\"><strong>En nombre de los vecinos de ese barrio de la costanera, Ricardo S\u00e1nchez, se\u00f1al\u00f3 su agradecimiento, haciendo un repaso de la historia del lugar, recopilando diferentes testimonios de los vecinos del lugar, para afirmar: \u201cGracias al Gobernador Juan Pablo, al hoy Senador Gustavo Vald\u00e9s, a la empresa, que hicieron esta hermosa obra, a disfrutar del lugar.\u201d<a href=\"https:\/\/revistaesperanzas.com\/web\/2026\/04\/acto-inauguracion-el-gobernador-de-la-provincia-juan-pablo-valdes-dejo-inaugurada-la-nueva-costanera-goya\/inaugurcion-costanera-goya-9-2\/\" rel=\"attachment wp-att-150917\"><img loading=\"lazy\" decoding=\"async\" class=\"alignnone  wp-image-150917\" src=\"https:\/\/revistaesperanzas.com\/web\/wp-content\/uploads\/2026\/04\/Inaugurcion-costanera-goya-9-1.jpg\" alt=\"\" width=\"672\" height=\"447\" \/><\/a><\/strong><\/p>\n<p style=\"font-weight: 400;\"><strong>GUSTAVO VALDES<\/strong><\/p>\n<p style=\"font-weight: 400;\"><strong>El senador provincial Gustavo Vald\u00e9s, tras el saludo protocolar a las autoridades, funcionarios, intendentes, vecinos, sostuvo: \u201cCuando fui gobernador me preguntaba si todas las cosas suceder\u00edan durante mi gesti\u00f3n, inundaciones, seca, incendio, pandemia y en el 2022 me informan el derrumbe de la costanera de Goya, la primera sensaci\u00f3n no puede ser, requer\u00eda respuesta inmediata no solo cayo la costanera, se derrumbaron los sue\u00f1os de los goyanos, el epicentro del s\u00edmbolo de la Fiesta del Surubi, cayo plazoleta, m\u00e1stil, cayeron los sue\u00f1os ante esa desaz\u00f3n todo el equipo del gobierno nos propusimos reparar, reconstruir la costanera, debemos ser agradecidos porque se tuvo que intervenir de manera r\u00e1pida, al entonces ministro de Obras Publicas Claudia Polich (Hoy Intendente de la Capital) a las empresas correntinas que se asociaron para hacer la obra, hoy despu\u00e9s de mucho tiempo, en este nuevo gobierno de Juan Pablo Vald\u00e9s, de Mariano Hormaechea, antes aquellos que no cre\u00edan mostramos que se concluy\u00f3 la obra, estamos poniendo esperanza para que Goya siga siendo una gran ciudad, el s\u00e1bado veremos que la ciudad recobrara esa fortaleza, tenemos nueva esperanza, es el puntapi\u00e9 inicial de los ser\u00e1 la costanera de Goya, es una promesa hecha con el actual gobernador y cada vez que venimos los forasteros, los pescadores este cada vez m\u00e1s linda, gracias a Mariano por el esfuerzo, el cuidado a los empleados municipales, gracias a Uds. es un gusto acompa\u00f1ar al gobernador al intendente a la inauguraci\u00f3n de la costanera\u201d<\/strong><\/p>\n<p style=\"font-weight: 400;\"><strong>MARIANO HORMAECHEA<\/strong><\/p>\n<p style=\"font-weight: 400;\"><strong>El Intendente Mariano Hormaechea, indic\u00f3. \u201cNos estaba ganando la ansiedad a todos los goyanos, lleg\u00f3 el gran d\u00eda para inaugurar nuestra costanera, gracias al Gobierno de la provincia, a Gustavo (Vald\u00e9s), por la decisi\u00f3n de reconstruir este espacio, al Gobernador Juan Pablo Vald\u00e9s, por darle continuidad y poder tener esta obra, a las empresas, a los trabajadores el 80% mano de obra local, al equipo municipal, PRODEGO, Planeamiento, a cada vecino por la comprensi\u00f3n, la paciencia para llevar adelante esta gran obra.\u201d<a href=\"https:\/\/revistaesperanzas.com\/web\/2026\/04\/acto-inauguracion-el-gobernador-de-la-provincia-juan-pablo-valdes-dejo-inaugurada-la-nueva-costanera-goya\/inaugurcion-costanera-goya-5\/\" rel=\"attachment wp-att-150918\"><img loading=\"lazy\" decoding=\"async\" class=\"alignnone  wp-image-150918\" src=\"https:\/\/revistaesperanzas.com\/web\/wp-content\/uploads\/2026\/04\/Inaugurcion-costanera-goya-5.jpg\" alt=\"\" width=\"689\" height=\"458\" \/><\/a><\/strong><\/p>\n<p style=\"font-weight: 400;\"><strong>\u201cEstamos en un lugar que es emblema, -mencion\u00f3 el Intendente en su alocuci\u00f3n-s\u00edmbolo de la ciudad, ayer comenzamos a vivir esta nueva historia, con la puesta en valor del espacio p\u00fablico inaugurado, despu\u00e9s de 86 a\u00f1os el rio se llev\u00f3 buenos metros de costanera, una vez observado y la comunicaci\u00f3n con el Gobierno de la Provincia se tom\u00f3 la decisi\u00f3n de avanzar con esta obra que nos llev\u00f3 a so\u00f1ar, a pensar en este proyecto, de ah\u00ed la gran carga emocional, desde hoy sue\u00f1o cumplido y con un nuevo recorrido hacia adelante, logrando con una mirada en equipo, avanzamos en muchas obras que dieron valor a la ciudad por la sinton\u00eda con la provincia para potenciar, desarrollar el turismo de nuestra ciudad, la reserva Ysor\u00f3 con ese potencial para explotar, la historia que a\u00fan no terminamos de contar, estamos en ese rumbo contamos con el acompa\u00f1amiento de un historiador Felipe Pigna que nos ayudar\u00e1 a ordenar, valorar, enriquecer la historia, darle la importancia del lugar, no es una obra del gobierno, es de los goyanos que nuevamente se apropiar\u00e1n del espacio para escribir nuevas historias, gracias a la ciudad por la confianza, a disfrutar y siempre hacia adelante.\u201d<\/strong><\/p>\n<p style=\"font-weight: 400;\"><strong>JUAN PABLO VALDES<\/strong><\/p>\n<p style=\"font-weight: 400;\"><strong>El Gobernador del a Provincia Juan Pablo Vald\u00e9s antes de formalizar la<a href=\"https:\/\/revistaesperanzas.com\/web\/2026\/04\/acto-inauguracion-el-gobernador-de-la-provincia-juan-pablo-valdes-dejo-inaugurada-la-nueva-costanera-goya\/inaugurcion-costanera-goya-1\/\" rel=\"attachment wp-att-150920\"><img loading=\"lazy\" decoding=\"async\" class=\"alignnone  wp-image-150920\" src=\"https:\/\/revistaesperanzas.com\/web\/wp-content\/uploads\/2026\/04\/Inaugurcion-costanera-goya-1.jpg\" alt=\"\" width=\"681\" height=\"453\" \/><\/a> inauguraci\u00f3n de la nueva costanera, se\u00f1alo: \u201cEstoy inmensamente feliz de estar, de ser parte de la nueva historia a partir de la inauguraci\u00f3n de esta costanera, felicitaciones, quiero contar lo afortunado que soy, hace unos 22 a\u00f1os Gustavo me invito a participar de la pesca en Goya, con frio fue la gran experiencia de ser parte de su gran fiesta, aqu\u00ed de joven conoc\u00ed la ciudad, la pesca, la costanera donde se hac\u00edan las inscripciones, hoy como Gobernador vengo a este espacio a inaugurar la gran obra, puedo afirmar es mi segundo hogar, felicito por la gran ciudad que tienen, han pasado muchas cosas en este tiempo en total se cayeron 60 metros y la extensi\u00f3n es de 500 metros gracias a la decisi\u00f3n de este hombre Gustavo (Vald\u00e9s), esta es la manera de trabajar con cada intendente correntinos, gracias Claudio (Polich), desde noviembre 2022, en febrero 2023 se tom\u00f3 la decisi\u00f3n, en marzo se iniciaron los trabajos, destinando caso 26 mil millones de pesos, no era una cuesti\u00f3n electoral, sepan los goyanos que siempre estaremos cuando nos necesiten, la palabra tiene un valor especial, esencial, dijimos que \u00edbamos a terminar, a concluir hoy estamos inaugurando, con la pesca a iniciarse con este espacio para observar, disfrutar, ahora con Mariano( Hormaechea), \u00a0trabajaremos para prolongar esta obra, cuenten con nosotros, no tengan dudas que siempre estaremos juntos y cerca<\/strong><\/p>\n<p style=\"font-weight: 400;\"><strong>Dejo formalmente inaugurada la obra de la costanera\u201d Oficializ\u00f3 de esta manera la puesta en valor de la nueva costanera Goya, por parte del Gobernador de la Provincia Juan Pablo Vald\u00e9s<a href=\"https:\/\/revistaesperanzas.com\/web\/2026\/04\/acto-inauguracion-el-gobernador-de-la-provincia-juan-pablo-valdes-dejo-inaugurada-la-nueva-costanera-goya\/inaugurcion-costanera-goya-2\/\" rel=\"attachment wp-att-150921\"><img loading=\"lazy\" decoding=\"async\" class=\"alignnone  wp-image-150921\" src=\"https:\/\/revistaesperanzas.com\/web\/wp-content\/uploads\/2026\/04\/Inaugurcion-costanera-goya-2.jpg\" alt=\"\" width=\"680\" height=\"452\" \/><\/a><\/strong><\/p>\n<p style=\"font-weight: 400;\"><strong>Para dejar formalmente inaugurada la Nueva Costanera Local, el Gobernador, el Intendente, Viceintendente, funcionarios procedieron al tradicional corte de cintas, para posteriormente descubrir la placa que se\u00f1ala esta fecha hist\u00f3rica para la ciudad, como un s\u00edmbolo de compromiso cuidado de la naturaleza, la vida misma se plantaron diferentes especies arb\u00f3reas aut\u00f3ctonas, como muestra de la habilitaci\u00f3n del paseo costero, autoridades, vecinos y los periodistas recorrieron la Nueva Costanera de Goya<\/strong><\/p>\n","protected":false},"excerpt":{"rendered":"<p>Este proyecto urbano-arquitect\u00f3nico constituye una intervenci\u00f3n estrat\u00e9gica que integra infraestructura, espacio p\u00fablico y paisaje, con el r\u00edo Paran\u00e1 como eje central. \u00a0El acto de inauguraci\u00f3n de la Nueva Costanera de Goya fue presidido por el Gobernador de la Provincia Juan Pablo Vald\u00e9s, el Vicegobernador Pedro Braillard Poccard, el Intendente de la ciudad de Goya Mariano [&hellip;]<\/p>\n","protected":false},"author":4,"featured_media":150913,"comment_status":"closed","ping_status":"closed","sticky":false,"template":"","format":"standard","meta":{"footnotes":""},"categories":[1],"tags":[],"class_list":{"0":"post-150912","1":"post","2":"type-post","3":"status-publish","4":"format-standard","5":"has-post-thumbnail","7":"category-sin-categoria"},"_links":{"self":[{"href":"https:\/\/revistaesperanzas.com\/web\/wp-json\/wp\/v2\/posts\/150912","targetHints":{"allow":["GET"]}}],"collection":[{"href":"https:\/\/revistaesperanzas.com\/web\/wp-json\/wp\/v2\/posts"}],"about":[{"href":"https:\/\/revistaesperanzas.com\/web\/wp-json\/wp\/v2\/types\/post"}],"author":[{"embeddable":true,"href":"https:\/\/revistaesperanzas.com\/web\/wp-json\/wp\/v2\/users\/4"}],"replies":[{"embeddable":true,"href":"https:\/\/revistaesperanzas.com\/web\/wp-json\/wp\/v2\/comments?post=150912"}],"version-history":[{"count":2,"href":"https:\/\/revistaesperanzas.com\/web\/wp-json\/wp\/v2\/posts\/150912\/revisions"}],"predecessor-version":[{"id":150923,"href":"https:\/\/revistaesperanzas.com\/web\/wp-json\/wp\/v2\/posts\/150912\/revisions\/150923"}],"wp:featuredmedia":[{"embeddable":true,"href":"https:\/\/revistaesperanzas.com\/web\/wp-json\/wp\/v2\/media\/150913"}],"wp:attachment":[{"href":"https:\/\/revistaesperanzas.com\/web\/wp-json\/wp\/v2\/media?parent=150912"}],"wp:term":[{"taxonomy":"category","embeddable":true,"href":"https:\/\/revistaesperanzas.com\/web\/wp-json\/wp\/v2\/categories?post=150912"},{"taxonomy":"post_tag","embeddable":true,"href":"https:\/\/revistaesperanzas.com\/web\/wp-json\/wp\/v2\/tags?post=150912"}],"curies":[{"name":"wp","href":"https:\/\/api.w.org\/{rel}","templated":true}]}}