{"id":150924,"date":"2026-04-29T18:59:31","date_gmt":"2026-04-29T21:59:31","guid":{"rendered":"https:\/\/revistaesperanzas.com\/web\/?p=150924"},"modified":"2026-04-29T18:59:31","modified_gmt":"2026-04-29T21:59:31","slug":"fiesta-nacional-del-surubi-reinas-nacionales-promocionan-sus-respectivas-localidades-en-goya","status":"publish","type":"post","link":"https:\/\/revistaesperanzas.com\/web\/2026\/04\/fiesta-nacional-del-surubi-reinas-nacionales-promocionan-sus-respectivas-localidades-en-goya\/","title":{"rendered":"Fiesta Nacional del Surub\u00ed:  REINAS NACIONALES PROMOCIONAN SUS RESPECTIVAS LOCALIDADES EN GOYA"},"content":{"rendered":"<p style=\"font-weight: 400;\">Desde este jueves comenzar\u00e1n a arribar a nuestra ciudad las Reinas Nacionales de distintas localidades del pa\u00eds que vienen a promocionar sus festivales, fiestas y eventos. As\u00ed lo inform\u00f3 el secretario de Turismo, Sebasti\u00e1n Candia.<\/p>\n<p style=\"font-weight: 400;\">Como ya es tradicional, la Fiesta Nacional del Surub\u00ed convoca en todas las ediciones<\/p>\n<p style=\"font-weight: 400;\">Reinas Nacionales que vienen representando a fiestas que se realizan a lo largo y ancho del pa\u00eds.<\/p>\n<p style=\"font-weight: 400;\">Es as\u00ed que desde este jueves ya se podr\u00e1 tomar contacto con algunas soberanas de Fiestas Nacionales que vienen a conocer las alternativas del evento pesquero.<\/p>\n<p style=\"font-weight: 400;\">\u201cEste jueves empezar\u00e1n a llegar y se quedar\u00e1n hasta el domingo. Para nosotros es necesario permanecer con ese v\u00ednculo que nos ha permitido abrir tantas puertas en el pa\u00eds y llegar a tantos pescadores\u201d explic\u00f3 el titular de la cartera de Turismo de Goya, Sebasti\u00e1n Candia.<\/p>\n<p style=\"font-weight: 400;\">Lamentablemente \u2013dijo- que \u201cno se ha podido recibir a la totalidad de representantes que uno desea, porque la Fiesta del Surub\u00ed se ha hecho muy grande y no hay espacio para todas\u201d.<\/p>\n<p style=\"font-weight: 400;\">El viernes, desfilar\u00e1n en la elecci\u00f3n de la Reina y Princesas de la fiesta, y el s\u00e1bado a la siesta podr\u00e1n apreciar el espect\u00e1culo de la largada de lanchas en el flamante muelle y paseo peatonal inaugurado este lunes.<\/p>\n<p style=\"font-weight: 400;\">De igual modo, desde el municipio se organiza el tradicional agasajo del que toman parte las autoridades municipales.<\/p>\n","protected":false},"excerpt":{"rendered":"<p>Desde este jueves comenzar\u00e1n a arribar a nuestra ciudad las Reinas Nacionales de distintas localidades del pa\u00eds que vienen a promocionar sus festivales, fiestas y eventos. As\u00ed lo inform\u00f3 el secretario de Turismo, Sebasti\u00e1n Candia. Como ya es tradicional, la Fiesta Nacional del Surub\u00ed convoca en todas las ediciones Reinas Nacionales que vienen representando a [&hellip;]<\/p>\n","protected":false},"author":4,"featured_media":150925,"comment_status":"closed","ping_status":"closed","sticky":false,"template":"","format":"standard","meta":{"footnotes":""},"categories":[45],"tags":[],"class_list":{"0":"post-150924","1":"post","2":"type-post","3":"status-publish","4":"format-standard","5":"has-post-thumbnail","7":"category-locales"},"_links":{"self":[{"href":"https:\/\/revistaesperanzas.com\/web\/wp-json\/wp\/v2\/posts\/150924","targetHints":{"allow":["GET"]}}],"collection":[{"href":"https:\/\/revistaesperanzas.com\/web\/wp-json\/wp\/v2\/posts"}],"about":[{"href":"https:\/\/revistaesperanzas.com\/web\/wp-json\/wp\/v2\/types\/post"}],"author":[{"embeddable":true,"href":"https:\/\/revistaesperanzas.com\/web\/wp-json\/wp\/v2\/users\/4"}],"replies":[{"embeddable":true,"href":"https:\/\/revistaesperanzas.com\/web\/wp-json\/wp\/v2\/comments?post=150924"}],"version-history":[{"count":1,"href":"https:\/\/revistaesperanzas.com\/web\/wp-json\/wp\/v2\/posts\/150924\/revisions"}],"predecessor-version":[{"id":150926,"href":"https:\/\/revistaesperanzas.com\/web\/wp-json\/wp\/v2\/posts\/150924\/revisions\/150926"}],"wp:featuredmedia":[{"embeddable":true,"href":"https:\/\/revistaesperanzas.com\/web\/wp-json\/wp\/v2\/media\/150925"}],"wp:attachment":[{"href":"https:\/\/revistaesperanzas.com\/web\/wp-json\/wp\/v2\/media?parent=150924"}],"wp:term":[{"taxonomy":"category","embeddable":true,"href":"https:\/\/revistaesperanzas.com\/web\/wp-json\/wp\/v2\/categories?post=150924"},{"taxonomy":"post_tag","embeddable":true,"href":"https:\/\/revistaesperanzas.com\/web\/wp-json\/wp\/v2\/tags?post=150924"}],"curies":[{"name":"wp","href":"https:\/\/api.w.org\/{rel}","templated":true}]}}