{"id":150927,"date":"2026-04-29T19:02:11","date_gmt":"2026-04-29T22:02:11","guid":{"rendered":"https:\/\/revistaesperanzas.com\/web\/?p=150927"},"modified":"2026-04-29T19:02:11","modified_gmt":"2026-04-29T22:02:11","slug":"municipio-de-goya-abono-el-sueldo-del-mes-de-abril","status":"publish","type":"post","link":"https:\/\/revistaesperanzas.com\/web\/2026\/04\/municipio-de-goya-abono-el-sueldo-del-mes-de-abril\/","title":{"rendered":"MUNICIPIO DE GOYA ABON\u00d3 EL SUELDO DEL MES DE ABRIL"},"content":{"rendered":"<p style=\"font-weight: 400;\">Este mi\u00e9rcoles 29 el personal de planta permanente y contratados de la Municipalidad de Goya perciben los haberes del mes de abril en los medios habituales de pago, as\u00ed lo anunci\u00f3 el intendente Hormaechea.<\/p>\n<p style=\"font-weight: 400;\">El jefe comunal Mariano Hormaechea expres\u00f3: \u201cComunicamos que ya se encuentra<\/p>\n<p style=\"font-weight: 400;\">acreditado el sueldo del mes de abril para el personal de Planta Permanente y Contratados dependientes del Municipio de Goya\u201d.<\/p>\n<p style=\"font-weight: 400;\">#GoyaHaciaAdelante<\/p>\n","protected":false},"excerpt":{"rendered":"<p>Este mi\u00e9rcoles 29 el personal de planta permanente y contratados de la Municipalidad de Goya perciben los haberes del mes de abril en los medios habituales de pago, as\u00ed lo anunci\u00f3 el intendente Hormaechea. El jefe comunal Mariano Hormaechea expres\u00f3: \u201cComunicamos que ya se encuentra acreditado el sueldo del mes de abril para el personal [&hellip;]<\/p>\n","protected":false},"author":4,"featured_media":150928,"comment_status":"closed","ping_status":"closed","sticky":false,"template":"","format":"standard","meta":{"footnotes":""},"categories":[45],"tags":[],"class_list":{"0":"post-150927","1":"post","2":"type-post","3":"status-publish","4":"format-standard","5":"has-post-thumbnail","7":"category-locales"},"_links":{"self":[{"href":"https:\/\/revistaesperanzas.com\/web\/wp-json\/wp\/v2\/posts\/150927","targetHints":{"allow":["GET"]}}],"collection":[{"href":"https:\/\/revistaesperanzas.com\/web\/wp-json\/wp\/v2\/posts"}],"about":[{"href":"https:\/\/revistaesperanzas.com\/web\/wp-json\/wp\/v2\/types\/post"}],"author":[{"embeddable":true,"href":"https:\/\/revistaesperanzas.com\/web\/wp-json\/wp\/v2\/users\/4"}],"replies":[{"embeddable":true,"href":"https:\/\/revistaesperanzas.com\/web\/wp-json\/wp\/v2\/comments?post=150927"}],"version-history":[{"count":1,"href":"https:\/\/revistaesperanzas.com\/web\/wp-json\/wp\/v2\/posts\/150927\/revisions"}],"predecessor-version":[{"id":150929,"href":"https:\/\/revistaesperanzas.com\/web\/wp-json\/wp\/v2\/posts\/150927\/revisions\/150929"}],"wp:featuredmedia":[{"embeddable":true,"href":"https:\/\/revistaesperanzas.com\/web\/wp-json\/wp\/v2\/media\/150928"}],"wp:attachment":[{"href":"https:\/\/revistaesperanzas.com\/web\/wp-json\/wp\/v2\/media?parent=150927"}],"wp:term":[{"taxonomy":"category","embeddable":true,"href":"https:\/\/revistaesperanzas.com\/web\/wp-json\/wp\/v2\/categories?post=150927"},{"taxonomy":"post_tag","embeddable":true,"href":"https:\/\/revistaesperanzas.com\/web\/wp-json\/wp\/v2\/tags?post=150927"}],"curies":[{"name":"wp","href":"https:\/\/api.w.org\/{rel}","templated":true}]}}