{"id":150933,"date":"2026-04-29T19:04:57","date_gmt":"2026-04-29T22:04:57","guid":{"rendered":"https:\/\/revistaesperanzas.com\/web\/?p=150933"},"modified":"2026-04-29T19:04:57","modified_gmt":"2026-04-29T22:04:57","slug":"fiesta-nacional-del-surubi-49a-edicion-este-miercoles-goya-descorre-el-telon-del-mayor-evento-nautico-del-mundo","status":"publish","type":"post","link":"https:\/\/revistaesperanzas.com\/web\/2026\/04\/fiesta-nacional-del-surubi-49a-edicion-este-miercoles-goya-descorre-el-telon-del-mayor-evento-nautico-del-mundo\/","title":{"rendered":"Fiesta Nacional del Surub\u00ed, 49\u00aa Edici\u00f3n:  ESTE MI\u00c9RCOLES, GOYA DESCORRE EL TEL\u00d3N DEL MAYOR EVENTO N\u00c1UTICO DEL MUNDO"},"content":{"rendered":"<p style=\"font-weight: 400;\">Este mi\u00e9rcoles, desde las 21 horas, tendr\u00e1 lugar en predio Costa Surub\u00ed el inicio del mayor encuentro de pescadores deportivos de Argentina y el mundo. El gobernador de la provincia de Corrientes, Juan Pablo Vald\u00e9s y el intendente de la localidad anfitriona, Mariano Hormaechea, estar\u00e1n inaugurando oficialmente el evento.<\/p>\n<p style=\"font-weight: 400;\">La Fiesta Nacional del Surub\u00ed inicia las noches festivaleras y shows con una rica y variada programaci\u00f3n y la participaci\u00f3n de reconocidos artistas. La edici\u00f3n promete ser inolvidable. Es una oportunidad de disfrutar de la pesca, los espect\u00e1culos y la vibrante atm\u00f3sfera que rodea a esta fiesta emblem\u00e1tica.<\/p>\n<p style=\"font-weight: 400;\">PROGRAMACI\u00d3N DE EVENTOS<\/p>\n<p style=\"font-weight: 400;\">La programaci\u00f3n de la Fiesta incluye una variedad de eventos y espect\u00e1culos. El mi\u00e9rcoles 29 de abril comenzar\u00e1 la 38\u00aa Expo Goya, que ser\u00e1 seguida por la presentaci\u00f3n oficial y el cierre a cargo de la banda bonaerense La Mosca.<\/p>\n<p style=\"font-weight: 400;\">El jueves 30, se realizar\u00e1 la pe\u00f1a de los pescadores con la actuaci\u00f3n de Los Bofill, Los Alonsitos, Amanday\u00e9, Diego Guti\u00e9rrez, Bocha Sheridan y Pedro R\u00edos.<\/p>\n<p style=\"font-weight: 400;\">El viernes 1 de mayo estar\u00e1 dedicado al desfile y elecci\u00f3n de la Reina y Princesas nacionales del Surub\u00ed, con la actuaci\u00f3n en el cierre de esta jornada de \u201cLa Joaqui\u201d cantante, pionera femenina del FreeStyle y una de las mayores referentes del RKT en Argentina.<\/p>\n<p style=\"font-weight: 400;\">El s\u00e1bado 2 de mayo marcar\u00e1 el inicio de la competencia deportiva con el sorteo de zonas de pesca y la largada de lanchas. La noche culminar\u00e1 con un espect\u00e1culo tope de gama a cargo de Coti Sorokin y Kapanga.<\/p>\n<p style=\"font-weight: 400;\">El domingo 3 de mayo ser\u00e1 el d\u00eda de la clausura, con la llegada de los pescadores, la Cena Show de los Pescadores y la esperada entrega de premios. Para cerrar de manera espectacular, en el escenario mayor estar\u00e1 presentando su show El Polaco.<\/p>\n<p style=\"font-weight: 400;\">La Fiesta Nacional del Surub\u00ed, reconocida como una de las festividades m\u00e1s importantes de la regi\u00f3n, contin\u00faa atrayendo a pescadores y turistas de todo el pa\u00eds. Con premios atractivos, una programaci\u00f3n variada y una organizaci\u00f3n impecable, la edici\u00f3n 2026 promete ser exitosa y servir de trampol\u00edn para el gran festejo que ser\u00e1 la edici\u00f3n \u201c50 Aniversario\u201d del mundial de pesca.<\/p>\n","protected":false},"excerpt":{"rendered":"<p>Este mi\u00e9rcoles, desde las 21 horas, tendr\u00e1 lugar en predio Costa Surub\u00ed el inicio del mayor encuentro de pescadores deportivos de Argentina y el mundo. El gobernador de la provincia de Corrientes, Juan Pablo Vald\u00e9s y el intendente de la localidad anfitriona, Mariano Hormaechea, estar\u00e1n inaugurando oficialmente el evento. La Fiesta Nacional del Surub\u00ed inicia [&hellip;]<\/p>\n","protected":false},"author":4,"featured_media":150934,"comment_status":"closed","ping_status":"closed","sticky":false,"template":"","format":"standard","meta":{"footnotes":""},"categories":[45],"tags":[],"class_list":{"0":"post-150933","1":"post","2":"type-post","3":"status-publish","4":"format-standard","5":"has-post-thumbnail","7":"category-locales"},"_links":{"self":[{"href":"https:\/\/revistaesperanzas.com\/web\/wp-json\/wp\/v2\/posts\/150933","targetHints":{"allow":["GET"]}}],"collection":[{"href":"https:\/\/revistaesperanzas.com\/web\/wp-json\/wp\/v2\/posts"}],"about":[{"href":"https:\/\/revistaesperanzas.com\/web\/wp-json\/wp\/v2\/types\/post"}],"author":[{"embeddable":true,"href":"https:\/\/revistaesperanzas.com\/web\/wp-json\/wp\/v2\/users\/4"}],"replies":[{"embeddable":true,"href":"https:\/\/revistaesperanzas.com\/web\/wp-json\/wp\/v2\/comments?post=150933"}],"version-history":[{"count":1,"href":"https:\/\/revistaesperanzas.com\/web\/wp-json\/wp\/v2\/posts\/150933\/revisions"}],"predecessor-version":[{"id":150935,"href":"https:\/\/revistaesperanzas.com\/web\/wp-json\/wp\/v2\/posts\/150933\/revisions\/150935"}],"wp:featuredmedia":[{"embeddable":true,"href":"https:\/\/revistaesperanzas.com\/web\/wp-json\/wp\/v2\/media\/150934"}],"wp:attachment":[{"href":"https:\/\/revistaesperanzas.com\/web\/wp-json\/wp\/v2\/media?parent=150933"}],"wp:term":[{"taxonomy":"category","embeddable":true,"href":"https:\/\/revistaesperanzas.com\/web\/wp-json\/wp\/v2\/categories?post=150933"},{"taxonomy":"post_tag","embeddable":true,"href":"https:\/\/revistaesperanzas.com\/web\/wp-json\/wp\/v2\/tags?post=150933"}],"curies":[{"name":"wp","href":"https:\/\/api.w.org\/{rel}","templated":true}]}}