{"id":150936,"date":"2026-04-29T19:06:53","date_gmt":"2026-04-29T22:06:53","guid":{"rendered":"https:\/\/revistaesperanzas.com\/web\/?p=150936"},"modified":"2026-04-29T19:06:53","modified_gmt":"2026-04-29T22:06:53","slug":"no-existe-destino-turistico-sin-infraestructura-y-goya-empieza-a-tener-las-obras-que-se-merece","status":"publish","type":"post","link":"https:\/\/revistaesperanzas.com\/web\/2026\/04\/no-existe-destino-turistico-sin-infraestructura-y-goya-empieza-a-tener-las-obras-que-se-merece\/","title":{"rendered":"\u201cNO EXISTE DESTINO TUR\u00cdSTICO SIN INFRAESTRUCTURA Y GOYA EMPIEZA A TENER LAS OBRAS QUE SE MERECE\u201d"},"content":{"rendered":"<p style=\"font-weight: 400;\">Secretario de Turismo, Sebasti\u00e1n Candia:<\/p>\n<p style=\"font-weight: 400;\">A prop\u00f3sito de las \u00faltimas inauguraciones que viene realizando el municipio de Goya respecto a la recuperaci\u00f3n de los espacios culturales y tur\u00edsticos emblem\u00e1ticos de la ciudad, este mi\u00e9rcoles, el secretario de Turismo, Sebasti\u00e1n Candia ponder\u00f3 estas decisiones pol\u00edticas de la Gesti\u00f3n Hormaechea, asegurando que \u201cse dio un paso m\u00e1s para posicionar a la ciudad en la agenda tur\u00edstica nacional\u201d.<\/p>\n<p style=\"font-weight: 400;\">Valid\u00f3 el esquema de desarrollo que viene ejecutando la administraci\u00f3n, el cual combina la preservaci\u00f3n de la naturaleza, el impulso de los eventos y la modernizaci\u00f3n de la infraestructura de turismo. Un ejemplo de esto \u00faltimo es la serie de inauguraciones que se dio en nuestra ciudad: el lunes la apertura del \u201cPaseo Peatonal\u201d sector estrat\u00e9gico -muelle- que perteneci\u00f3 a la Prefectura y la noche del martes con la Nueva Costanera.<\/p>\n<p style=\"font-weight: 400;\">El conjunto busca revalorizar el patrimonio hist\u00f3rico y arquitect\u00f3nico sin perder la esencia del origen econ\u00f3mico de Goya vinculada al r\u00edo y al puerto.<\/p>\n<p style=\"font-weight: 400;\">En declaraciones a RADIO CIUDAD 88.3, el funcionario enfatiz\u00f3 que \u201cno existe destino tur\u00edstico sin infraestructura y Goya empieza a tener las obras que se merece y esta obra de Costanera fue muy anhelada por much\u00edsima gente, es parte de un proyecto mucho m\u00e1s ambicioso. Estos espacios p\u00fablicos renovados al \u00e1rea que a m\u00ed me toca atender me sirven mucho para atraer turistas y realizar distintas actividades relacionadas al turismo como espacios gastron\u00f3micos renovados, espacio de tr\u00e1nsito obligado para aquellos que visitan la ciudad\u201d.<\/p>\n<p style=\"font-weight: 400;\">EXPO GOYA<\/p>\n<p style=\"font-weight: 400;\">Respecto al evento Mundo Surub\u00ed, Candia defini\u00f3 el potencial que edici\u00f3n tras edici\u00f3n va desarrollando la Expo Goya para fortalecer la capacidad y el crecimiento de los expositores, acompa\u00f1ar el desarrollo de las empresas que eligen la vidriera local para mostrarse.<\/p>\n<p style=\"font-weight: 400;\">\u201cLa marca Fiesta Nacional del Surub\u00ed abre un mont\u00f3n de puertas, nuestra tarea fue dejar entrar a todos, poder mostrar a las empresas lo mejor que tiene la ciudad para que se animen y tambi\u00e9n mostrar a los locales (empresas), hay locales que han hecho una inversi\u00f3n enorme en la Expo, van a brindarnos lo mejor que tienen y esto es un efecto multiplicador. Hoy tenemos la fortuna de tener una expo de gran nivel\u201d cerr\u00f3.<\/p>\n","protected":false},"excerpt":{"rendered":"<p>Secretario de Turismo, Sebasti\u00e1n Candia: A prop\u00f3sito de las \u00faltimas inauguraciones que viene realizando el municipio de Goya respecto a la recuperaci\u00f3n de los espacios culturales y tur\u00edsticos emblem\u00e1ticos de la ciudad, este mi\u00e9rcoles, el secretario de Turismo, Sebasti\u00e1n Candia ponder\u00f3 estas decisiones pol\u00edticas de la Gesti\u00f3n Hormaechea, asegurando que \u201cse dio un paso m\u00e1s [&hellip;]<\/p>\n","protected":false},"author":4,"featured_media":150937,"comment_status":"closed","ping_status":"closed","sticky":false,"template":"","format":"standard","meta":{"footnotes":""},"categories":[45],"tags":[],"class_list":{"0":"post-150936","1":"post","2":"type-post","3":"status-publish","4":"format-standard","5":"has-post-thumbnail","7":"category-locales"},"_links":{"self":[{"href":"https:\/\/revistaesperanzas.com\/web\/wp-json\/wp\/v2\/posts\/150936","targetHints":{"allow":["GET"]}}],"collection":[{"href":"https:\/\/revistaesperanzas.com\/web\/wp-json\/wp\/v2\/posts"}],"about":[{"href":"https:\/\/revistaesperanzas.com\/web\/wp-json\/wp\/v2\/types\/post"}],"author":[{"embeddable":true,"href":"https:\/\/revistaesperanzas.com\/web\/wp-json\/wp\/v2\/users\/4"}],"replies":[{"embeddable":true,"href":"https:\/\/revistaesperanzas.com\/web\/wp-json\/wp\/v2\/comments?post=150936"}],"version-history":[{"count":1,"href":"https:\/\/revistaesperanzas.com\/web\/wp-json\/wp\/v2\/posts\/150936\/revisions"}],"predecessor-version":[{"id":150938,"href":"https:\/\/revistaesperanzas.com\/web\/wp-json\/wp\/v2\/posts\/150936\/revisions\/150938"}],"wp:featuredmedia":[{"embeddable":true,"href":"https:\/\/revistaesperanzas.com\/web\/wp-json\/wp\/v2\/media\/150937"}],"wp:attachment":[{"href":"https:\/\/revistaesperanzas.com\/web\/wp-json\/wp\/v2\/media?parent=150936"}],"wp:term":[{"taxonomy":"category","embeddable":true,"href":"https:\/\/revistaesperanzas.com\/web\/wp-json\/wp\/v2\/categories?post=150936"},{"taxonomy":"post_tag","embeddable":true,"href":"https:\/\/revistaesperanzas.com\/web\/wp-json\/wp\/v2\/tags?post=150936"}],"curies":[{"name":"wp","href":"https:\/\/api.w.org\/{rel}","templated":true}]}}