{"id":150939,"date":"2026-04-29T19:11:01","date_gmt":"2026-04-29T22:11:01","guid":{"rendered":"https:\/\/revistaesperanzas.com\/web\/?p=150939"},"modified":"2026-04-29T19:11:01","modified_gmt":"2026-04-29T22:11:01","slug":"intendente-mariano-hormaechea-la-fiesta-del-surubi-trascendio-y-bate-records","status":"publish","type":"post","link":"https:\/\/revistaesperanzas.com\/web\/2026\/04\/intendente-mariano-hormaechea-la-fiesta-del-surubi-trascendio-y-bate-records\/","title":{"rendered":"INTENDENTE MARIANO HORMAECHEA: LA FIESTA DEL SURUB\u00cd &#8220;TRASCENDI\u00d3&#8221; Y BATE R\u00c9CORDS"},"content":{"rendered":"<p style=\"font-weight: 400;\">\u00a0El jefe comunal destac\u00f3 las 1400 embarcaciones y la apertura de la Expo Goya, al tiempo que resalt\u00f3 la inauguraci\u00f3n de la nueva Costanera como s\u00edmbolo del compromiso con la ciudad.<\/p>\n<p style=\"font-weight: 400;\">El intendente Mariano Hormaechea, en declaraciones a Radio Ciudad, coment\u00f3 sus impresiones sobre la esperada inauguraci\u00f3n de la nueva Costanera de Goya, as\u00ed como los logros para la Expo Goya y la Fiesta Nacional del Surub\u00ed que arranca este mi\u00e9rcoles a la noche.<\/p>\n<p style=\"font-weight: 400;\">DIA HISTORICO PARA LA CIUDAD<\/p>\n<p style=\"font-weight: 400;\">&#8220;Era una noche muy esperada por todos los goyanos, est\u00e1bamos ansiosos, expectantes&#8221;, expres\u00f3 Hormaechea, calificando la jornada de la inauguraci\u00f3n de la esperada obra como &#8220;un d\u00eda hist\u00f3rico para la ciudad&#8221;. La nueva Costanera se presenta como un espacio moderno donde &#8220;el peat\u00f3n tiene prioridad&#8221; y &#8220;el riacho se ve desde todos lados&#8221;. El Intendente relat\u00f3 haber visto a la gente &#8220;tocando la guitarra, el acorde\u00f3n, tomando mate, sac\u00e1ndose fotos&#8221;, lo que refleja la r\u00e1pida apropiaci\u00f3n del espacio por parte de la<a href=\"https:\/\/revistaesperanzas.com\/web\/2026\/04\/intendente-mariano-hormaechea-la-fiesta-del-surubi-trascendio-y-bate-records\/intendnete-hormaechea-desde-carpa-de-prensa\/\" rel=\"attachment wp-att-150941\"><img loading=\"lazy\" decoding=\"async\" class=\"alignnone  wp-image-150941\" src=\"https:\/\/revistaesperanzas.com\/web\/wp-content\/uploads\/2026\/04\/intendnete-hormaechea-desde-carpa-de-prensa.jpeg\" alt=\"\" width=\"679\" height=\"475\" srcset=\"https:\/\/revistaesperanzas.com\/web\/wp-content\/uploads\/2026\/04\/intendnete-hormaechea-desde-carpa-de-prensa.jpeg 600w, https:\/\/revistaesperanzas.com\/web\/wp-content\/uploads\/2026\/04\/intendnete-hormaechea-desde-carpa-de-prensa-100x70.jpeg 100w\" sizes=\"auto, (max-width: 679px) 100vw, 679px\" \/><\/a> comunidad.<\/p>\n<p style=\"font-weight: 400;\">La obra, realizada en conjunto con el Gobierno de la Provincia, marca &#8220;una nueva historia en la ciudad&#8221;. Mariano Hormaechea habl\u00f3 de la carga emocional y de identidad que tiene la Costanera para los goyanos, y si bien reconoci\u00f3 que pudo haber habido &#8220;oportunismos del momento&#8221; y gente que no crey\u00f3 en el proyecto, llam\u00f3 a la unidad: &#8220;Tenemos que tener puesta la camiseta de la ciudad, hay que proyectar la ciudad como lo hicimos con el pacto Goya 2030.&#8221; Subray\u00f3 la importancia del debate y la discusi\u00f3n, incluso en el desacuerdo, en un contexto de individualismo, para la construcci\u00f3n colectiva.<\/p>\n<p style=\"font-weight: 400;\">Adem\u00e1s de la Costanera principal, el Intendente destac\u00f3 la recuperaci\u00f3n del espacio de la Prefectura y la Costanera Norte, que &#8220;sigue creciendo&#8221;. &#8220;Los hechos son los que determinan las cosas y despu\u00e9s el ciudadano, el vecino, hace su evaluaci\u00f3n&#8221;, mencion\u00f3 en la entrevista.<\/p>\n<p style=\"font-weight: 400;\">EXPO GOYA Y FIESTA DEL SURUB\u00cd<\/p>\n<p style=\"font-weight: 400;\">En relaci\u00f3n a la Fiesta Nacional del Surub\u00ed, el intendente Hormaechea dijo que el evento ha &#8220;trascendido&#8221;, convirti\u00e9ndose en &#8220;una verdadera fiesta de todos los correntinos&#8221;. Destac\u00f3 la apertura que se implement\u00f3 desde los primeros cuatro a\u00f1os de gesti\u00f3n, la cual ya est\u00e1 dando sus frutos. Como prueba de ello, el a\u00f1o pasado, en octubre, las inscripciones para embarcaciones superaron las expectativas, pasando de 1200 en 20 d\u00edas a 1400 actualmente, con una Expo que se perfila como un lugar donde &#8220;todos quieren estar&#8221;.<\/p>\n<p style=\"font-weight: 400;\">Esta apertura se extendi\u00f3 a la Expo misma, con la inclusi\u00f3n de gastron\u00f3micos y comercios dentro del predio, una iniciativa que se ha consolidado. Hoy, la Expo cuenta con prestadores de servicios y expositores de empresas muy importantes, sum\u00e1ndose tambi\u00e9n las locales, como el consorcio del Parque Industrial que &#8220;est\u00e1 haciendo un stand espectacular&#8221; mostrando el potencial de la ciudad. &#8220;Por ah\u00ed es el camino y por eso suceden estas cosas&#8221;, sostuvo el Mandatario Goyano,, resaltando el compromiso local.<\/p>\n<p style=\"font-weight: 400;\">PROFESIONALIZACI\u00d3N CON IDENTIDAD<a href=\"https:\/\/revistaesperanzas.com\/web\/2026\/04\/intendente-mariano-hormaechea-la-fiesta-del-surubi-trascendio-y-bate-records\/ilustracion-nota-al-intendente-mariano-hormaechea-4\/\" rel=\"attachment wp-att-150942\"><img loading=\"lazy\" decoding=\"async\" class=\"alignnone  wp-image-150942\" src=\"https:\/\/revistaesperanzas.com\/web\/wp-content\/uploads\/2026\/04\/ilustracion-Nota-al-Intendente-Mariano-Hormaechea-4.jpg\" alt=\"\" width=\"698\" height=\"464\" \/><\/a><\/p>\n<p style=\"font-weight: 400;\">El intendente de Goya puso en valor el trabajo de la Comisi\u00f3n de Pesca, que opera \u201ccasi como una direcci\u00f3n municipal\u201d en conjunto. &#8220;Eso es lo que planteamos y a\u00f1o a a\u00f1o se va reflejando esa impronta&#8221;, explic\u00f3, haciendo hincapi\u00e9 en la importancia de &#8220;profesionalizar la fiesta sin perder la identidad&#8221;, lo cual es &#8220;clave&#8221;.<\/p>\n<p style=\"font-weight: 400;\">De cara al futuro, el Intendente Mariano Hormaechea no ocult\u00f3 la magnitud de los desaf\u00edos: &#8220;Tenemos varios desaf\u00edos por delante, sin dudas el que nos lleva a pensar hacia adelante, es la pr\u00f3xima Fiesta Nacional del Surubi, la edici\u00f3n 50&#8221;. En el final de la charla en Radio Ciudad considero anticipadamente como \u201cun \u00e9xito\u201d, pero para ello se debe empezar a trabajar de inmediato.<\/p>\n","protected":false},"excerpt":{"rendered":"<p>\u00a0El jefe comunal destac\u00f3 las 1400 embarcaciones y la apertura de la Expo Goya, al tiempo que resalt\u00f3 la inauguraci\u00f3n de la nueva Costanera como s\u00edmbolo del compromiso con la ciudad. El intendente Mariano Hormaechea, en declaraciones a Radio Ciudad, coment\u00f3 sus impresiones sobre la esperada inauguraci\u00f3n de la nueva Costanera de Goya, as\u00ed como [&hellip;]<\/p>\n","protected":false},"author":4,"featured_media":150940,"comment_status":"closed","ping_status":"closed","sticky":false,"template":"","format":"standard","meta":{"footnotes":""},"categories":[45],"tags":[],"class_list":{"0":"post-150939","1":"post","2":"type-post","3":"status-publish","4":"format-standard","5":"has-post-thumbnail","7":"category-locales"},"_links":{"self":[{"href":"https:\/\/revistaesperanzas.com\/web\/wp-json\/wp\/v2\/posts\/150939","targetHints":{"allow":["GET"]}}],"collection":[{"href":"https:\/\/revistaesperanzas.com\/web\/wp-json\/wp\/v2\/posts"}],"about":[{"href":"https:\/\/revistaesperanzas.com\/web\/wp-json\/wp\/v2\/types\/post"}],"author":[{"embeddable":true,"href":"https:\/\/revistaesperanzas.com\/web\/wp-json\/wp\/v2\/users\/4"}],"replies":[{"embeddable":true,"href":"https:\/\/revistaesperanzas.com\/web\/wp-json\/wp\/v2\/comments?post=150939"}],"version-history":[{"count":2,"href":"https:\/\/revistaesperanzas.com\/web\/wp-json\/wp\/v2\/posts\/150939\/revisions"}],"predecessor-version":[{"id":150944,"href":"https:\/\/revistaesperanzas.com\/web\/wp-json\/wp\/v2\/posts\/150939\/revisions\/150944"}],"wp:featuredmedia":[{"embeddable":true,"href":"https:\/\/revistaesperanzas.com\/web\/wp-json\/wp\/v2\/media\/150940"}],"wp:attachment":[{"href":"https:\/\/revistaesperanzas.com\/web\/wp-json\/wp\/v2\/media?parent=150939"}],"wp:term":[{"taxonomy":"category","embeddable":true,"href":"https:\/\/revistaesperanzas.com\/web\/wp-json\/wp\/v2\/categories?post=150939"},{"taxonomy":"post_tag","embeddable":true,"href":"https:\/\/revistaesperanzas.com\/web\/wp-json\/wp\/v2\/tags?post=150939"}],"curies":[{"name":"wp","href":"https:\/\/api.w.org\/{rel}","templated":true}]}}