{"id":150945,"date":"2026-04-29T19:15:05","date_gmt":"2026-04-29T22:15:05","guid":{"rendered":"https:\/\/revistaesperanzas.com\/web\/?p=150945"},"modified":"2026-04-29T19:15:05","modified_gmt":"2026-04-29T22:15:05","slug":"la-38-expo-goya-se-prepara-para-una-inauguracion-con-novedades","status":"publish","type":"post","link":"https:\/\/revistaesperanzas.com\/web\/2026\/04\/la-38-expo-goya-se-prepara-para-una-inauguracion-con-novedades\/","title":{"rendered":"LA 38\u00b0 EXPO GOYA SE PREPARA PARA UNA INAUGURACI\u00d3N CON NOVEDADES"},"content":{"rendered":"<p style=\"font-weight: 400;\">Este a\u00f1o exhibir\u00e1n sus marcas y productos 182 expositores<\/p>\n<p style=\"font-weight: 400;\">La 38\u00b0 Expo Goya, un evento clave en el marco de la 49\u00b0 Fiesta Nacional del Surub\u00ed, se alista para su inauguraci\u00f3n oficial este mi\u00e9rcoles por la noche en el predio Costa Surub\u00ed. Francisco Di Filippo, en declaraciones a Radio Ciudad, habl\u00f3 de las expectativas en torno a la expo y lo que los visitantes podr\u00e1n encontrar ah\u00ed, en esta edici\u00f3n.<a href=\"https:\/\/revistaesperanzas.com\/web\/2026\/04\/la-38-expo-goya-se-prepara-para-una-inauguracion-con-novedades\/whatsapp-image-2026-04-28-at-20-53-38-1\/\" rel=\"attachment wp-att-150947\"><img loading=\"lazy\" decoding=\"async\" class=\"wp-image-150947 alignleft\" src=\"https:\/\/revistaesperanzas.com\/web\/wp-content\/uploads\/2026\/04\/WhatsApp-Image-2026-04-28-at-20.53.38-1.jpeg\" alt=\"\" width=\"520\" height=\"343\" \/><\/a><\/p>\n<p style=\"font-weight: 400;\">La secci\u00f3n n\u00e1utica, eje central de la Fiesta del Surub\u00ed, se anticipa con un impacto significativo, exhibiendo una gran cantidad de motores, lanchas y astilleros. La Expo incluir\u00e1 un espacio dedicado a la pesca, con venta de art\u00edculos y un &#8220;camper de pesca&#8221;.<\/p>\n<p style=\"font-weight: 400;\">Se espera un incremento en la participaci\u00f3n de artesanos y empresas n\u00e1uticas respecto a a\u00f1os anteriores. Entre las novedades, Di Filippo mencion\u00f3 la presencia destacada de Acero Construcciones y la empresa goyana Tiny House, que presentar\u00e1 maquetas de sus innovadoras viviendas compactas.<\/p>\n<p style=\"font-weight: 400;\">Un factor clave para el atractivo de la Expo, que motiva el retorno de expositores y la llegada de nuevos, es el fuerte hincapi\u00e9 en la pesca y la n\u00e1utica, consideradas la &#8220;esencia de la fiesta&#8221;. Este a\u00f1o, la exposici\u00f3n contar\u00e1 con la participaci\u00f3n directa de multinacionales como Honda Argentina y Yamaha, cuyos ejecutivos se hospedar\u00e1n en Goya. Esta presencia de marcas de primer nivel elevar\u00e1, seg\u00fan Di Filippo, la calidad de los stands y la variedad de productos, con una gran cantidad de motores de lancha en exhibici\u00f3n.<\/p>\n<p style=\"font-weight: 400;\">El sector gastron\u00f3mico tambi\u00e9n promete un nivel superior, con la inclusi\u00f3n de reconocidos establecimientos como &#8220;Sativa&#8221; y &#8220;Bohemia&#8221;, este \u00faltimo liderado por Federico Taglioretti, quienes ofrecer\u00e1n sus servicios en el predio.<a href=\"https:\/\/revistaesperanzas.com\/web\/2026\/04\/la-38-expo-goya-se-prepara-para-una-inauguracion-con-novedades\/whatsapp-image-2026-04-28-at-20-53-38\/\" rel=\"attachment wp-att-150948\"><img loading=\"lazy\" decoding=\"async\" class=\" wp-image-150948 alignleft\" src=\"https:\/\/revistaesperanzas.com\/web\/wp-content\/uploads\/2026\/04\/WhatsApp-Image-2026-04-28-at-20.53.38.jpeg\" alt=\"\" width=\"521\" height=\"391\" srcset=\"https:\/\/revistaesperanzas.com\/web\/wp-content\/uploads\/2026\/04\/WhatsApp-Image-2026-04-28-at-20.53.38.jpeg 600w, https:\/\/revistaesperanzas.com\/web\/wp-content\/uploads\/2026\/04\/WhatsApp-Image-2026-04-28-at-20.53.38-560x420.jpeg 560w, https:\/\/revistaesperanzas.com\/web\/wp-content\/uploads\/2026\/04\/WhatsApp-Image-2026-04-28-at-20.53.38-80x60.jpeg 80w, https:\/\/revistaesperanzas.com\/web\/wp-content\/uploads\/2026\/04\/WhatsApp-Image-2026-04-28-at-20.53.38-265x198.jpeg 265w\" sizes=\"auto, (max-width: 521px) 100vw, 521px\" \/><\/a><\/p>\n<p style=\"font-weight: 400;\">En cuanto a la infraestructura, el escenario Purah\u00e9i ha sido renovado. La Expo contar\u00e1 con 182 expositores, una cifra r\u00e9cord, y la organizaci\u00f3n prev\u00e9 que ya han llegado los \u00faltimos expositores, completando el cupo sin inconvenientes.<\/p>\n<p style=\"font-weight: 400;\">Mirando hacia el futuro, la organizaci\u00f3n ya est\u00e1 trabajando en ideas para la celebraci\u00f3n de la 50\u00b0 edici\u00f3n<\/p>\n","protected":false},"excerpt":{"rendered":"<p>Este a\u00f1o exhibir\u00e1n sus marcas y productos 182 expositores La 38\u00b0 Expo Goya, un evento clave en el marco de la 49\u00b0 Fiesta Nacional del Surub\u00ed, se alista para su inauguraci\u00f3n oficial este mi\u00e9rcoles por la noche en el predio Costa Surub\u00ed. Francisco Di Filippo, en declaraciones a Radio Ciudad, habl\u00f3 de las expectativas en [&hellip;]<\/p>\n","protected":false},"author":4,"featured_media":150946,"comment_status":"closed","ping_status":"closed","sticky":false,"template":"","format":"standard","meta":{"footnotes":""},"categories":[45],"tags":[],"class_list":{"0":"post-150945","1":"post","2":"type-post","3":"status-publish","4":"format-standard","5":"has-post-thumbnail","7":"category-locales"},"_links":{"self":[{"href":"https:\/\/revistaesperanzas.com\/web\/wp-json\/wp\/v2\/posts\/150945","targetHints":{"allow":["GET"]}}],"collection":[{"href":"https:\/\/revistaesperanzas.com\/web\/wp-json\/wp\/v2\/posts"}],"about":[{"href":"https:\/\/revistaesperanzas.com\/web\/wp-json\/wp\/v2\/types\/post"}],"author":[{"embeddable":true,"href":"https:\/\/revistaesperanzas.com\/web\/wp-json\/wp\/v2\/users\/4"}],"replies":[{"embeddable":true,"href":"https:\/\/revistaesperanzas.com\/web\/wp-json\/wp\/v2\/comments?post=150945"}],"version-history":[{"count":2,"href":"https:\/\/revistaesperanzas.com\/web\/wp-json\/wp\/v2\/posts\/150945\/revisions"}],"predecessor-version":[{"id":150950,"href":"https:\/\/revistaesperanzas.com\/web\/wp-json\/wp\/v2\/posts\/150945\/revisions\/150950"}],"wp:featuredmedia":[{"embeddable":true,"href":"https:\/\/revistaesperanzas.com\/web\/wp-json\/wp\/v2\/media\/150946"}],"wp:attachment":[{"href":"https:\/\/revistaesperanzas.com\/web\/wp-json\/wp\/v2\/media?parent=150945"}],"wp:term":[{"taxonomy":"category","embeddable":true,"href":"https:\/\/revistaesperanzas.com\/web\/wp-json\/wp\/v2\/categories?post=150945"},{"taxonomy":"post_tag","embeddable":true,"href":"https:\/\/revistaesperanzas.com\/web\/wp-json\/wp\/v2\/tags?post=150945"}],"curies":[{"name":"wp","href":"https:\/\/api.w.org\/{rel}","templated":true}]}}