{"id":150951,"date":"2026-04-29T19:19:54","date_gmt":"2026-04-29T22:19:54","guid":{"rendered":"https:\/\/revistaesperanzas.com\/web\/?p=150951"},"modified":"2026-04-29T19:19:54","modified_gmt":"2026-04-29T22:19:54","slug":"el-municipio-incorpora-pasantes-de-informatica-para-fortalecer-los-servicios-digitales-y-la-atencion-al-vecino","status":"publish","type":"post","link":"https:\/\/revistaesperanzas.com\/web\/2026\/04\/el-municipio-incorpora-pasantes-de-informatica-para-fortalecer-los-servicios-digitales-y-la-atencion-al-vecino\/","title":{"rendered":"EL MUNICIPIO INCORPORA PASANTES DE INFORM\u00c1TICA PARA FORTALECER LOS SERVICIOS DIGITALES Y  LA  ATENCI\u00d3N AL VECINO"},"content":{"rendered":"<p class=\"x_MsoNormal\">Estudiantes de la Tecnicatura en Inform\u00e1tica Profesional y Personal iniciaron sus pr\u00e1cticas en la Secretar\u00eda de Modernizaci\u00f3n. Trabajar\u00e1n en proyectos clave como el entrenamiento del Chatbot municipal y la alfabetizaci\u00f3n digital de adultos mayores.<a href=\"https:\/\/revistaesperanzas.com\/web\/2026\/04\/el-municipio-incorpora-pasantes-de-informatica-para-fortalecer-los-servicios-digitales-y-la-atencion-al-vecino\/ilustracion-para-nota-francisco-di-filippo-2\/\" rel=\"attachment wp-att-150953\"><img loading=\"lazy\" decoding=\"async\" class=\" wp-image-150953 alignleft\" src=\"https:\/\/revistaesperanzas.com\/web\/wp-content\/uploads\/2026\/04\/ilustracion-para-nota-Francisco-Di-Filippo-2.jpg\" alt=\"\" width=\"532\" height=\"352\" \/><\/a><\/p>\n<p class=\"x_MsoNormal\">En el marco de las pol\u00edticas de vinculaci\u00f3n entre la educaci\u00f3n y el mundo laboral, la Municipalidad de Goya dio la bienvenida a un nuevo grupo de pasantes que desarrollar\u00e1n sus Pr\u00e1cticas Profesionalizantes en la Secretar\u00eda de Modernizaci\u00f3n, Innovaci\u00f3n y Desarrollo Tecnol\u00f3gico.<\/p>\n<p class=\"x_MsoNormal\">El recibimiento oficial tuvo lugar este lunes 27 de abril en la Usina del Conocimiento, donde el Secretario del \u00e1rea, Cr. Andr\u00e9s Zajarevich, junto a su equipo t\u00e9cnico, recibi\u00f3 a la profesora de Pr\u00e1cticas Profesionalizantes, Lic. Erika Avalos, y a los alumnos de la mencionada tecnicatura.<\/p>\n<p class=\"x_MsoNormal\">Esta iniciativa forma parte de una decisi\u00f3n pol\u00edtica del Intendente Dr. Mariano Hormaechea, basada en los ejes de Modernizaci\u00f3n, Desarrollo e Inclusi\u00f3n. El objetivo es doble: por un lado, brindar a los j\u00f3venes de Goya experiencia real en la Econom\u00eda del Conocimiento y, por el otro, utilizar su talento para mejorar los servicios que el municipio ofrece a la ciudadan\u00eda.<a href=\"https:\/\/revistaesperanzas.com\/web\/2026\/04\/el-municipio-incorpora-pasantes-de-informatica-para-fortalecer-los-servicios-digitales-y-la-atencion-al-vecino\/ilustracion-para-nota-francisco-di-filippo-1\/\" rel=\"attachment wp-att-150954\"><img loading=\"lazy\" decoding=\"async\" class=\" wp-image-150954 alignright\" src=\"https:\/\/revistaesperanzas.com\/web\/wp-content\/uploads\/2026\/04\/ilustracion-para-nota-Francisco-Di-Filippo-1.jpg\" alt=\"\" width=\"530\" height=\"353\" \/><\/a><\/p>\n<p class=\"x_MsoNormal\">Durante su permanencia en la Secretar\u00eda, los estudiantes llevar\u00e1n a cabo actividades estrat\u00e9gicas, entre las que se destacan:<\/p>\n<p class=\"x_MsoNormal\">\u2022\u00a0\u00a0\u00a0\u00a0\u00a0\u00a0\u00a0\u00a0\u00a0 Innovaci\u00f3n Tecnol\u00f3gica: Entrenamiento del Chatbot municipal para optimizar la respuesta al vecino.<\/p>\n<p class=\"x_MsoNormal\">\u2022\u00a0\u00a0\u00a0\u00a0\u00a0\u00a0\u00a0\u00a0\u00a0 Inclusi\u00f3n Digital: Apoyo en las capacitaciones tecnol\u00f3gicas destinadas a adultos mayores.<\/p>\n<p class=\"x_MsoNormal\">\u2022\u00a0\u00a0\u00a0\u00a0\u00a0\u00a0\u00a0\u00a0\u00a0 Participaci\u00f3n Ciudadana: Gesti\u00f3n y soporte de la plataforma de Consulta Ciudadana.<\/p>\n<p class=\"x_MsoNormal\">\u2022\u00a0\u00a0\u00a0\u00a0\u00a0\u00a0\u00a0\u00a0\u00a0 Gesti\u00f3n de Datos: Colaboraci\u00f3n en el \u00e1rea de estad\u00edsticas y comunicaci\u00f3n digital.<\/p>\n<p class=\"x_MsoNormal\">Al respecto, desde la Secretar\u00eda de Modernizaci\u00f3n se resalt\u00f3 que estas pasant\u00edas permiten que el conocimiento adquirido en las aulas se transforme en soluciones concretas para la ciudad. &#8220;No solo estamos formando t\u00e9cnicos, estamos integrando a los j\u00f3venes en la construcci\u00f3n de una Goya m\u00e1s moderna y conectada&#8221;, se\u00f1alaron.<\/p>\n<p class=\"x_MsoNormal\">Con la puesta en marcha de estas pr\u00e1cticas, el municipio reafirma su compromiso con el futuro de los j\u00f3venes, garantizando espacios donde la tecnolog\u00eda sea una herramienta de progreso social y crecimiento profesional.<\/p>\n","protected":false},"excerpt":{"rendered":"<p>Estudiantes de la Tecnicatura en Inform\u00e1tica Profesional y Personal iniciaron sus pr\u00e1cticas en la Secretar\u00eda de Modernizaci\u00f3n. Trabajar\u00e1n en proyectos clave como el entrenamiento del Chatbot municipal y la alfabetizaci\u00f3n digital de adultos mayores. En el marco de las pol\u00edticas de vinculaci\u00f3n entre la educaci\u00f3n y el mundo laboral, la Municipalidad de Goya dio la [&hellip;]<\/p>\n","protected":false},"author":4,"featured_media":150952,"comment_status":"closed","ping_status":"closed","sticky":false,"template":"","format":"standard","meta":{"footnotes":""},"categories":[45],"tags":[],"class_list":{"0":"post-150951","1":"post","2":"type-post","3":"status-publish","4":"format-standard","5":"has-post-thumbnail","7":"category-locales"},"_links":{"self":[{"href":"https:\/\/revistaesperanzas.com\/web\/wp-json\/wp\/v2\/posts\/150951","targetHints":{"allow":["GET"]}}],"collection":[{"href":"https:\/\/revistaesperanzas.com\/web\/wp-json\/wp\/v2\/posts"}],"about":[{"href":"https:\/\/revistaesperanzas.com\/web\/wp-json\/wp\/v2\/types\/post"}],"author":[{"embeddable":true,"href":"https:\/\/revistaesperanzas.com\/web\/wp-json\/wp\/v2\/users\/4"}],"replies":[{"embeddable":true,"href":"https:\/\/revistaesperanzas.com\/web\/wp-json\/wp\/v2\/comments?post=150951"}],"version-history":[{"count":2,"href":"https:\/\/revistaesperanzas.com\/web\/wp-json\/wp\/v2\/posts\/150951\/revisions"}],"predecessor-version":[{"id":150956,"href":"https:\/\/revistaesperanzas.com\/web\/wp-json\/wp\/v2\/posts\/150951\/revisions\/150956"}],"wp:featuredmedia":[{"embeddable":true,"href":"https:\/\/revistaesperanzas.com\/web\/wp-json\/wp\/v2\/media\/150952"}],"wp:attachment":[{"href":"https:\/\/revistaesperanzas.com\/web\/wp-json\/wp\/v2\/media?parent=150951"}],"wp:term":[{"taxonomy":"category","embeddable":true,"href":"https:\/\/revistaesperanzas.com\/web\/wp-json\/wp\/v2\/categories?post=150951"},{"taxonomy":"post_tag","embeddable":true,"href":"https:\/\/revistaesperanzas.com\/web\/wp-json\/wp\/v2\/tags?post=150951"}],"curies":[{"name":"wp","href":"https:\/\/api.w.org\/{rel}","templated":true}]}}