{"id":150957,"date":"2026-04-29T20:54:44","date_gmt":"2026-04-29T23:54:44","guid":{"rendered":"https:\/\/revistaesperanzas.com\/web\/?p=150957"},"modified":"2026-04-29T20:54:44","modified_gmt":"2026-04-29T23:54:44","slug":"maraton-radial-30-horas-de-cobertura-ininterrumpida-para-acompanar-a-los-pescadores","status":"publish","type":"post","link":"https:\/\/revistaesperanzas.com\/web\/2026\/04\/maraton-radial-30-horas-de-cobertura-ininterrumpida-para-acompanar-a-los-pescadores\/","title":{"rendered":"Marat\u00f3n Radial  30 HORAS DE COBERTURA ININTERRUMPIDA PARA ACOMPA\u00d1AR A LOS PESCADORES"},"content":{"rendered":"<p style=\"font-weight: 400;\">El periodista Alejandro Medina anunci\u00f3 un programa especial de 30 horas de duraci\u00f3n que se extender\u00e1 toda la noche y madrugada del esperado concurso de pesca del Surub\u00ed. Ser\u00e1 una transmisi\u00f3n marat\u00f3nica que, adem\u00e1s de contar con radios que se sumar\u00e1n a la emisi\u00f3n, ofrecer\u00e1 un streaming. Un amplio equipo acompa\u00f1ar\u00e1 a Alejandro Medina en este ya cl\u00e1sico evento que estar\u00e1 junto a los pescadores en vela.<\/p>\n<p style=\"font-weight: 400;\">En declaraciones a Radio Ciudad, Alejandro Medina coment\u00f3: \u201cEl protagonista de esta fiesta que trasciende las fronteras de la provincia y del pa\u00eds es el pescador. Esta edici\u00f3n, con r\u00e9cord de equipos, es la antesala a las Bodas de Oro. Nosotros, que venimos desde hace unos a\u00f1os, sobre todo en esta carpa de prensa que lleva el nombre de un precursor del conservacionismo como Rub\u00e9n \u00c1lvaro Galarza Ortiz, sabemos que hay que estar en todos los momentos del concurso.<\/p>\n<p style=\"font-weight: 400;\">\u201cLa noche del aguante\u201d es muy importante, y en esto, el homenaje a quienes tuvieron la responsabilidad de estar haciendo \u201cel aguante\u201d en muchas ediciones: Antonio &#8216;Poroto&#8217; Espinoza, Hugo Manzur, y tambi\u00e9n como productor y dando empuje en LT6, en su momento con Campamento 6 con Ernesto Barrios. Digo, por traer a personas que hoy ya no est\u00e1n f\u00edsicamente con nosotros, pero nos acompa\u00f1an y fueron precursores y quienes nos motivaron a seguir en este camino. En lo particular, con vos, Toto Paniagua, hace casi 30 a\u00f1os, 20 seguros, comenzamos a hacer la llegada de los pescadores el domingo, a esperar y llevar el clasificador oficial en el minuto a minuto. Eso hace al concurso, y decidimos hace un par de a\u00f1os atr\u00e1s, poco m\u00e1s, porque este es el tercer a\u00f1o, sumarnos con \u201cla noche del aguante\u201d. Ante la ausencia f\u00edsica de Poroto ten\u00edamos ese desaf\u00edo y sumar a esa \u201cnoche del aguante\u201d, que fue una idea de Hugo Manzur\u201d<\/p>\n<p style=\"font-weight: 400;\">Medina destac\u00f3 que ser\u00e1 el tercer a\u00f1o de una cobertura marat\u00f3nica, \u201c\u201dde m\u00e1s de 30 horas de duraci\u00f3n en forma ininterrumpida, arrancando el s\u00e1bado con el sorteo de zonas\u201d.<\/p>\n<p style=\"font-weight: 400;\">&#8220;El Fog\u00f3n Radial&#8221; de &#8220;La Noche del Aguante&#8221;<\/p>\n<p style=\"font-weight: 400;\">En el programa radial se armar\u00e1 un verdadero \u201cfog\u00f3n\u201d de an\u00e9cdotas. Medina anticip\u00f3: &#8220;Mucha gente me dijo que va a ir, en algunos casos periodistas que ten\u00edan programas en LT6 y que van a volver, porque es la radio madre, es el medio de comunicaci\u00f3n, con 73 a\u00f1os de existencia y que marca las comunicaciones en nuestra ciudad&#8221;.<\/p>\n<p style=\"font-weight: 400;\">El sorteo de zonas es crucial: &#8220;es importante estar al instante, porque el pescador necesita la informaci\u00f3n para saber qu\u00e9 zona le toc\u00f3 y saber cu\u00e1nto combustible necesitar\u00e1, y de all\u00ed partir al parque cerrado; y tambi\u00e9n acompa\u00f1amos en el parque cerrado previo a la largada&#8221;.<\/p>\n<p style=\"font-weight: 400;\">El periodista record\u00f3 una an\u00e9cdota de la primera marat\u00f3n, cuando Adri\u00e1n Ayala, entonces encargado de prensa y hoy radicado en Santa Fe, enfrent\u00f3 un desaf\u00edo de conectividad. &#8220;Hace tres a\u00f1os ellos se hab\u00edan alojado en Esquina, hab\u00eda ciertas dificultades, digamos, en la conexi\u00f3n, y decidieron el s\u00e1bado a la ma\u00f1ana venir aguas arriba navegando. Vinieron por agua, no por ruta, y se iban comunicando en la transmisi\u00f3n, enter\u00e1ndose as\u00ed de la zona que le toc\u00f3. F\u00edjate, venir 80 kil\u00f3metros por agua\u2026&#8221;, subraya.<\/p>\n<p style=\"font-weight: 400;\">Sobre &#8220;La Noche del Aguante&#8221;, concebido como un punto de encuentro y \u201cfog\u00f3n radial\u201d para mantener despiertos a los pescadores en zona de isla, Medina explic\u00f3: \u201cEn zona de isla, porque seguramente a la madrugada, si no hay pique, empieza a entrar cierto sue\u00f1o, por ah\u00ed se vuelve m\u00e1s interesante la parte de la noche, de la madrugada. En esto va alimentando el \u2018fog\u00f3n\u2019, es importante\u2026\u201d.<\/p>\n<p style=\"font-weight: 400;\">El equipo contar\u00e1 con la participaci\u00f3n de C\u00e9sar Perrotta, &#8220;uno de los que nos motiva a llevar adelante esto&#8221;, y reconoci\u00f3 el trabajo de Yiyi Lacava Vilas en la producci\u00f3n y el armado t\u00e9cnico, as\u00ed como a los operadores Mario Alejandro Vel\u00e1zquez, Miguel Gonz\u00e1lez y Hugo Parra. &#8220;Este a\u00f1o incorporamos a la producci\u00f3n, el streaming, y ah\u00ed est\u00e1 una cadena de radios que se suman porque quieren ser parte de esto, quieren estar junto al pescador. Haciendo base en LT6 en simult\u00e1neo estar\u00e1n Spl\u00e9ndida 98.3, adem\u00e1s de 88.9 Radio Con Vos de Corrientes, y tengo que agradecer a Freddy Miranda que tambi\u00e9n nos acompa\u00f1a desde ediciones anteriores siendo parte del programa, y este a\u00f1o tomar\u00e1 la se\u00f1al desde la capital correntina. Tambi\u00e9n estar\u00e1 la 103.1 FM Goya, Tu Mejor M\u00fasica, 94.9, 88.3 Radio Ciudad, muchos medios y por streaming por el canal de YouTube de Goya Todo Competencias\u201d, repas\u00f3 Alejandro Medina.<\/p>\n<p style=\"font-weight: 400;\">PREMIOS MILLONARIOS Y LA IMPORTANCIA DE LA COMUNICACI\u00d3N<\/p>\n<p style=\"font-weight: 400;\">Sobre el concurso, Medina detall\u00f3: \u201cHay m\u00e1s de 600 millones de pesos en premios, y la particularidad del concurso de Goya es que, en cuanto a cantidad de piezas, tenemos hasta el vig\u00e9simo premio. Para la pieza mayor tenemos otro clasificador con importancia de premios hasta el vig\u00e9simo. Tenemos la clasificaci\u00f3n por cada una de las zonas, tambi\u00e9n los podios que todos quieren hacer\u201d.<\/p>\n<p style=\"font-weight: 400;\">\u201cEn el arribo, el testimonio que dejan los pescadores se ve reflejado en la expresi\u00f3n de los rostros\u2026 y ah\u00ed est\u00e1n las 30 horas, ese es el origen de esta marat\u00f3n. Ininterrumpida, porque ellos arrancan el s\u00e1bado desde muy temprano y ya no descansan m\u00e1s\u201d.<\/p>\n<p style=\"font-weight: 400;\">El periodista comparti\u00f3 una experiencia inolvidable: \u201cotra de las experiencias que me trae a la memoria, en una de estas transmisiones hace un par de a\u00f1os atr\u00e1s, es: \u201cUn goyano, Javier Machuca, integrando un equipo con pescadores de San Andr\u00e9s de Giles, tuvieron un inconveniente mec\u00e1nico cuando terminaba el concurso y ellos ya no pod\u00edan regresar, entonces no lo tomaron en cuenta. Y en esta transmisi\u00f3n, Javier lo reconoce\u2026 Es como que hacen dedo en el medio del r\u00edo, consiguen a uno de los fiscales que estaba viniendo. Ah\u00ed ellos se dan cuenta y dimensionan que ten\u00edan que entregar la tarjeta. Entonces, viene uno de los integrantes del equipo y entrega la tarjeta, ya sobre la hora, y resultaron terceros y no lo pod\u00edan creer. Esa es la importancia de las comunicaciones\u201d.<\/p>\n<p style=\"font-weight: 400;\">CRONOGRAMA RIGUROSO PARA UNA COBERTURA EXHAUSTIVA<\/p>\n<p style=\"font-weight: 400;\">En cuanto al horario de inicio, Medina detall\u00f3 que \u201ccomienza el s\u00e1bado a las 6:45, porque a las 7 se realizar\u00e1 el sorteo de zonas. Eso es algo riguroso, y m\u00e1s este a\u00f1o con 1.400 equipos porque los tiempos son ajustados. Una vez que se hace el sorteo hay que imprimir todas las planillas, entregar a los fiscales, el trabajo de log\u00edstica all\u00ed es contrarreloj. Despu\u00e9s se sigue con lo que es parque cerrado hasta las 13:30, donde ya se va a dar inicio a la transmisi\u00f3n de exteriores con la largada del concurso. Pasamos luego a estudios en la tarde ya para ir a lo que es dirimir la llegada a las distintas zonas y comenzar desde las 20:00 con La Noche del Aguante, y desde las 8 de la ma\u00f1ana del domingo con el arribo de los pescadores nuevamente desde exteriores en la carpa instalada en playa El Inga\u201d.<\/p>\n","protected":false},"excerpt":{"rendered":"<p>El periodista Alejandro Medina anunci\u00f3 un programa especial de 30 horas de duraci\u00f3n que se extender\u00e1 toda la noche y madrugada del esperado concurso de pesca del Surub\u00ed. Ser\u00e1 una transmisi\u00f3n marat\u00f3nica que, adem\u00e1s de contar con radios que se sumar\u00e1n a la emisi\u00f3n, ofrecer\u00e1 un streaming. Un amplio equipo acompa\u00f1ar\u00e1 a Alejandro Medina en [&hellip;]<\/p>\n","protected":false},"author":4,"featured_media":150958,"comment_status":"closed","ping_status":"closed","sticky":false,"template":"","format":"standard","meta":{"footnotes":""},"categories":[45],"tags":[],"class_list":{"0":"post-150957","1":"post","2":"type-post","3":"status-publish","4":"format-standard","5":"has-post-thumbnail","7":"category-locales"},"_links":{"self":[{"href":"https:\/\/revistaesperanzas.com\/web\/wp-json\/wp\/v2\/posts\/150957","targetHints":{"allow":["GET"]}}],"collection":[{"href":"https:\/\/revistaesperanzas.com\/web\/wp-json\/wp\/v2\/posts"}],"about":[{"href":"https:\/\/revistaesperanzas.com\/web\/wp-json\/wp\/v2\/types\/post"}],"author":[{"embeddable":true,"href":"https:\/\/revistaesperanzas.com\/web\/wp-json\/wp\/v2\/users\/4"}],"replies":[{"embeddable":true,"href":"https:\/\/revistaesperanzas.com\/web\/wp-json\/wp\/v2\/comments?post=150957"}],"version-history":[{"count":1,"href":"https:\/\/revistaesperanzas.com\/web\/wp-json\/wp\/v2\/posts\/150957\/revisions"}],"predecessor-version":[{"id":150959,"href":"https:\/\/revistaesperanzas.com\/web\/wp-json\/wp\/v2\/posts\/150957\/revisions\/150959"}],"wp:featuredmedia":[{"embeddable":true,"href":"https:\/\/revistaesperanzas.com\/web\/wp-json\/wp\/v2\/media\/150958"}],"wp:attachment":[{"href":"https:\/\/revistaesperanzas.com\/web\/wp-json\/wp\/v2\/media?parent=150957"}],"wp:term":[{"taxonomy":"category","embeddable":true,"href":"https:\/\/revistaesperanzas.com\/web\/wp-json\/wp\/v2\/categories?post=150957"},{"taxonomy":"post_tag","embeddable":true,"href":"https:\/\/revistaesperanzas.com\/web\/wp-json\/wp\/v2\/tags?post=150957"}],"curies":[{"name":"wp","href":"https:\/\/api.w.org\/{rel}","templated":true}]}}