{"id":150960,"date":"2026-04-29T20:56:24","date_gmt":"2026-04-29T23:56:24","guid":{"rendered":"https:\/\/revistaesperanzas.com\/web\/?p=150960"},"modified":"2026-04-29T20:56:24","modified_gmt":"2026-04-29T23:56:24","slug":"surubi-y-arte-horacio-lopez-boeri-ramon-alegre-y-el-monumento-al-pescador","status":"publish","type":"post","link":"https:\/\/revistaesperanzas.com\/web\/2026\/04\/surubi-y-arte-horacio-lopez-boeri-ramon-alegre-y-el-monumento-al-pescador\/","title":{"rendered":"Surub\u00ed y Arte   HORACIO L\u00d3PEZ BOERI, RAM\u00d3N ALEGRE Y EL MONUMENTO AL PESCADOR"},"content":{"rendered":"<p style=\"font-weight: 400;\">La memoria de Horacio Ram\u00f3n L\u00f3pez Boeri, el pescador goyano que conoci\u00f3 el r\u00edo como pocos y abog\u00f3 fervientemente por la protecci\u00f3n de su fauna, se mantiene viva en el predio Costa Surub\u00ed. Desde su inauguraci\u00f3n en 2021, el monumento dedicado a su figura se erige como un tributo permanente, un espacio de reflexi\u00f3n donde cada placa de los ganadores de la Fiesta Nacional del Surub\u00ed refuerza la trascendencia de su mensaje conservacionista.<\/p>\n<p style=\"font-weight: 400;\">Desde el a\u00f1o 2021, la escultura se alza como un tributo permanente, rodeada por placas que inmortalizan a los ganadores del prestigioso concurso pesquero de la Fiesta Nacional del Surub\u00ed. Su imagen, capturada en el acto de devolver un pez al agua, simboliza su filosof\u00eda de pesca responsable y su amor por el ecosistema.<\/p>\n<p style=\"font-weight: 400;\">La obra, cargada de emotividad y significado, fue creada por el reconocido artista local Ram\u00f3n \u201cTatino\u201d Alegre. En una reciente entrevista con Radio Ciudad, Alegre dio detalles sobre su obra y la pasi\u00f3n detr\u00e1s de su creaci\u00f3n. &#8220;M\u00e1s que una responsabilidad, fue un privilegio hacer el monumento al pescador, y m\u00e1s a\u00fan a un exponente como Horacio L\u00f3pez Boeri&#8221;, dijo Tatino Alegre, al destacar que \u00e9l aborda cada proyecto &#8220;con el alma&#8221;.<\/p>\n<p style=\"font-weight: 400;\">El escultor relat\u00f3 el desaf\u00edo de dar vida a la figura a partir de una \u00fanica fotograf\u00eda, un proceso que incluy\u00f3 la b\u00fasqueda de referencias y el invaluable apoyo de Jorge Vilas, compa\u00f1ero de pesca de L\u00f3pez Boeri, quien le facilit\u00f3 una imagen. La escultura, tallada en telgopor de alta densidad y recubierta con una mezcla de cemento, yeso y resina, fue concebida para resistir los embates de la intemperie.<\/p>\n<p style=\"font-weight: 400;\">La base del monumento, donde se grabar\u00e1n este a\u00f1o los nombres de los nuevos campeones, fue obra de \u201cKiko\u201d Abib. &#8220;Tatino&#8221; Alegre tambi\u00e9n resalt\u00f3 el esfuerzo colectivo para crear un entorno armonioso, un &#8220;living de los pescadores&#8221; con la colaboraci\u00f3n de artistas pl\u00e1sticos correntinos, quienes contribuyeron a enmarcar la obra. &#8220;Se me hinch\u00f3 el pecho&#8221;, expres\u00f3 el artista al ver el resultado final, fruto de intensas jornadas de trabajo, incluso bajo condiciones clim\u00e1ticas adversas, pero siempre con la certeza de que &#8220;cuando se pone el alma, uno no escatima tiempo ni descanso&#8221;.<\/p>\n<p style=\"font-weight: 400;\">La conexi\u00f3n de Horacio L\u00f3pez Boeri con la Fiesta Nacional del Surub\u00ed es profunda, y su legado incluye haber sido uno de los ganadores del &#8220;Surub\u00ed Mayor&#8221; en 1970, formando parte de un equipo legendario junto a Jorge Vilas y Carlos Esquen\u00f3n.<\/p>\n<p style=\"font-weight: 400;\">Este monumento no solo honra a un gran pescador, sino que tambi\u00e9n perpet\u00faa un mensaje vital de respeto y conservaci\u00f3n del r\u00edo Paran\u00e1, un mensaje que Horacio Ram\u00f3n L\u00f3pez Boeri siempre defendi\u00f3.<\/p>\n","protected":false},"excerpt":{"rendered":"<p>La memoria de Horacio Ram\u00f3n L\u00f3pez Boeri, el pescador goyano que conoci\u00f3 el r\u00edo como pocos y abog\u00f3 fervientemente por la protecci\u00f3n de su fauna, se mantiene viva en el predio Costa Surub\u00ed. Desde su inauguraci\u00f3n en 2021, el monumento dedicado a su figura se erige como un tributo permanente, un espacio de reflexi\u00f3n donde [&hellip;]<\/p>\n","protected":false},"author":4,"featured_media":150961,"comment_status":"closed","ping_status":"closed","sticky":false,"template":"","format":"standard","meta":{"footnotes":""},"categories":[45],"tags":[],"class_list":{"0":"post-150960","1":"post","2":"type-post","3":"status-publish","4":"format-standard","5":"has-post-thumbnail","7":"category-locales"},"_links":{"self":[{"href":"https:\/\/revistaesperanzas.com\/web\/wp-json\/wp\/v2\/posts\/150960","targetHints":{"allow":["GET"]}}],"collection":[{"href":"https:\/\/revistaesperanzas.com\/web\/wp-json\/wp\/v2\/posts"}],"about":[{"href":"https:\/\/revistaesperanzas.com\/web\/wp-json\/wp\/v2\/types\/post"}],"author":[{"embeddable":true,"href":"https:\/\/revistaesperanzas.com\/web\/wp-json\/wp\/v2\/users\/4"}],"replies":[{"embeddable":true,"href":"https:\/\/revistaesperanzas.com\/web\/wp-json\/wp\/v2\/comments?post=150960"}],"version-history":[{"count":1,"href":"https:\/\/revistaesperanzas.com\/web\/wp-json\/wp\/v2\/posts\/150960\/revisions"}],"predecessor-version":[{"id":150962,"href":"https:\/\/revistaesperanzas.com\/web\/wp-json\/wp\/v2\/posts\/150960\/revisions\/150962"}],"wp:featuredmedia":[{"embeddable":true,"href":"https:\/\/revistaesperanzas.com\/web\/wp-json\/wp\/v2\/media\/150961"}],"wp:attachment":[{"href":"https:\/\/revistaesperanzas.com\/web\/wp-json\/wp\/v2\/media?parent=150960"}],"wp:term":[{"taxonomy":"category","embeddable":true,"href":"https:\/\/revistaesperanzas.com\/web\/wp-json\/wp\/v2\/categories?post=150960"},{"taxonomy":"post_tag","embeddable":true,"href":"https:\/\/revistaesperanzas.com\/web\/wp-json\/wp\/v2\/tags?post=150960"}],"curies":[{"name":"wp","href":"https:\/\/api.w.org\/{rel}","templated":true}]}}