{"id":150963,"date":"2026-04-29T20:57:42","date_gmt":"2026-04-29T23:57:42","guid":{"rendered":"https:\/\/revistaesperanzas.com\/web\/?p=150963"},"modified":"2026-04-29T20:57:42","modified_gmt":"2026-04-29T23:57:42","slug":"historiador-pigna-recibe-libro-emblematico-del-idioma-guarani","status":"publish","type":"post","link":"https:\/\/revistaesperanzas.com\/web\/2026\/04\/historiador-pigna-recibe-libro-emblematico-del-idioma-guarani\/","title":{"rendered":"HISTORIADOR PIGNA RECIBE LIBRO EMBLEM\u00c1TICO DEL IDIOMA GUARANI"},"content":{"rendered":"<p style=\"font-weight: 400;\">Presente estos d\u00edas en nuestra ciudad de Goya, el historiador Felipe Pigna se encuentra abocado a diversas actividades referidas\u00a0al futuro documental y libro que repasar\u00e1 cap\u00edtulos trascendentes en la historia de la ciudad.<\/p>\n<p style=\"font-weight: 400;\">En este marco, es innegable la presencia de la cultura guaran\u00ed en nuestros or\u00edgenes; y entre tanta bibliograf\u00eda relacionada a ello, el libro &#8220;Or\u00edgenes y Leyes aplicadas al Idioma Guaran\u00ed&#8221; de Alfredo Mart\u00ednez, es emblem\u00e1tico.<\/p>\n<p style=\"font-weight: 400;\">Una copia de la \u00faltima edici\u00f3n realizada de esta obra trascendente lleg\u00f3 a manos de Pigna, constituy\u00e9ndose en un acceso m\u00e1s a, fundamentalmente nuestra lengua, como tambi\u00e9n idiosincrasia.<\/p>\n<p style=\"font-weight: 400;\">En nombre de la Editorial Arand\u00fa y la Fundaci\u00f3n \u00c1gora, concret\u00f3 la entrega del ejemplar el concejal Emanuel Blanco.<\/p>\n","protected":false},"excerpt":{"rendered":"<p>Presente estos d\u00edas en nuestra ciudad de Goya, el historiador Felipe Pigna se encuentra abocado a diversas actividades referidas\u00a0al futuro documental y libro que repasar\u00e1 cap\u00edtulos trascendentes en la historia de la ciudad. En este marco, es innegable la presencia de la cultura guaran\u00ed en nuestros or\u00edgenes; y entre tanta bibliograf\u00eda relacionada a ello, el [&hellip;]<\/p>\n","protected":false},"author":4,"featured_media":150964,"comment_status":"closed","ping_status":"closed","sticky":false,"template":"","format":"standard","meta":{"footnotes":""},"categories":[45],"tags":[],"class_list":{"0":"post-150963","1":"post","2":"type-post","3":"status-publish","4":"format-standard","5":"has-post-thumbnail","7":"category-locales"},"_links":{"self":[{"href":"https:\/\/revistaesperanzas.com\/web\/wp-json\/wp\/v2\/posts\/150963","targetHints":{"allow":["GET"]}}],"collection":[{"href":"https:\/\/revistaesperanzas.com\/web\/wp-json\/wp\/v2\/posts"}],"about":[{"href":"https:\/\/revistaesperanzas.com\/web\/wp-json\/wp\/v2\/types\/post"}],"author":[{"embeddable":true,"href":"https:\/\/revistaesperanzas.com\/web\/wp-json\/wp\/v2\/users\/4"}],"replies":[{"embeddable":true,"href":"https:\/\/revistaesperanzas.com\/web\/wp-json\/wp\/v2\/comments?post=150963"}],"version-history":[{"count":1,"href":"https:\/\/revistaesperanzas.com\/web\/wp-json\/wp\/v2\/posts\/150963\/revisions"}],"predecessor-version":[{"id":150965,"href":"https:\/\/revistaesperanzas.com\/web\/wp-json\/wp\/v2\/posts\/150963\/revisions\/150965"}],"wp:featuredmedia":[{"embeddable":true,"href":"https:\/\/revistaesperanzas.com\/web\/wp-json\/wp\/v2\/media\/150964"}],"wp:attachment":[{"href":"https:\/\/revistaesperanzas.com\/web\/wp-json\/wp\/v2\/media?parent=150963"}],"wp:term":[{"taxonomy":"category","embeddable":true,"href":"https:\/\/revistaesperanzas.com\/web\/wp-json\/wp\/v2\/categories?post=150963"},{"taxonomy":"post_tag","embeddable":true,"href":"https:\/\/revistaesperanzas.com\/web\/wp-json\/wp\/v2\/tags?post=150963"}],"curies":[{"name":"wp","href":"https:\/\/api.w.org\/{rel}","templated":true}]}}