{"id":150966,"date":"2026-04-29T21:02:06","date_gmt":"2026-04-30T00:02:06","guid":{"rendered":"https:\/\/revistaesperanzas.com\/web\/?p=150966"},"modified":"2026-04-29T21:02:06","modified_gmt":"2026-04-30T00:02:06","slug":"rapido-y-eficaz-accionar","status":"publish","type":"post","link":"https:\/\/revistaesperanzas.com\/web\/2026\/04\/rapido-y-eficaz-accionar\/","title":{"rendered":"RAPIDO Y EFICAZ ACCIONAR"},"content":{"rendered":"<p>La Polic\u00eda recuper\u00f3 cosas que habr\u00edan sido sustra\u00eddas del interior de un autom\u00f3vil y aprehendieron a los presuntos autores<\/p>\n<p>En horas del mediod\u00eda de ayer 28-04-26, personal de la Comisar\u00eda Sexta urbana, en colaboraci\u00f3n de la unidad fiscal interviniente y con la cooperaci\u00f3n de la Direcci\u00f3n de<a href=\"https:\/\/revistaesperanzas.com\/web\/2026\/04\/rapido-y-eficaz-accionar\/whatsapp-image-2026-04-29-at-12-18-01-1\/\" rel=\"attachment wp-att-150968\"><img loading=\"lazy\" decoding=\"async\" class=\" wp-image-150968 alignright\" src=\"https:\/\/revistaesperanzas.com\/web\/wp-content\/uploads\/2026\/04\/WhatsApp-Image-2026-04-29-at-12.18.01-1.jpeg\" alt=\"\" width=\"400\" height=\"500\" srcset=\"https:\/\/revistaesperanzas.com\/web\/wp-content\/uploads\/2026\/04\/WhatsApp-Image-2026-04-29-at-12.18.01-1.jpeg 500w, https:\/\/revistaesperanzas.com\/web\/wp-content\/uploads\/2026\/04\/WhatsApp-Image-2026-04-29-at-12.18.01-1-336x420.jpeg 336w\" sizes=\"auto, (max-width: 400px) 100vw, 400px\" \/><\/a> Investigaci\u00f3n Criminal -DIC-, en el marco de tareas investigativas y de prevenci\u00f3n del delito, lograron el esclarecimiento de un hecho delictivo que hab\u00eda tomado estado p\u00fablico a trav\u00e9s de la difusi\u00f3n en redes sociales, logrando recuperar lo sustra\u00eddo y aprehender a los presuntos autores.<\/p>\n<p>El procedimiento se concret\u00f3, en horas del mediod\u00eda, oportunidad en que se procedi\u00f3 a la aprehensi\u00f3n de dos personas -mayores de edad-, quienes ser\u00edan sindicados como los presuntos autores de un hecho.<\/p>\n<p>Asimismo, como resultado de las diligencias realizadas, se logr\u00f3 el recupero de los elementos que hab\u00edan sido sustra\u00eddos, los cuales fueron restituidos a su propietario.<br \/>\nLas personas aprehendidas junto a lo recuperado fueron puestos a disposici\u00f3n de la fiscal\u00eda en turno, mientras se contin\u00faan con las diligencias de rigor que corresponden.<\/p>\n","protected":false},"excerpt":{"rendered":"<p>La Polic\u00eda recuper\u00f3 cosas que habr\u00edan sido sustra\u00eddas del interior de un autom\u00f3vil y aprehendieron a los presuntos autores En horas del mediod\u00eda de ayer 28-04-26, personal de la Comisar\u00eda Sexta urbana, en colaboraci\u00f3n de la unidad fiscal interviniente y con la cooperaci\u00f3n de la Direcci\u00f3n de Investigaci\u00f3n Criminal -DIC-, en el marco de tareas [&hellip;]<\/p>\n","protected":false},"author":4,"featured_media":150967,"comment_status":"closed","ping_status":"closed","sticky":false,"template":"","format":"standard","meta":{"footnotes":""},"categories":[58],"tags":[],"class_list":{"0":"post-150966","1":"post","2":"type-post","3":"status-publish","4":"format-standard","5":"has-post-thumbnail","7":"category-corrientes"},"_links":{"self":[{"href":"https:\/\/revistaesperanzas.com\/web\/wp-json\/wp\/v2\/posts\/150966","targetHints":{"allow":["GET"]}}],"collection":[{"href":"https:\/\/revistaesperanzas.com\/web\/wp-json\/wp\/v2\/posts"}],"about":[{"href":"https:\/\/revistaesperanzas.com\/web\/wp-json\/wp\/v2\/types\/post"}],"author":[{"embeddable":true,"href":"https:\/\/revistaesperanzas.com\/web\/wp-json\/wp\/v2\/users\/4"}],"replies":[{"embeddable":true,"href":"https:\/\/revistaesperanzas.com\/web\/wp-json\/wp\/v2\/comments?post=150966"}],"version-history":[{"count":2,"href":"https:\/\/revistaesperanzas.com\/web\/wp-json\/wp\/v2\/posts\/150966\/revisions"}],"predecessor-version":[{"id":150970,"href":"https:\/\/revistaesperanzas.com\/web\/wp-json\/wp\/v2\/posts\/150966\/revisions\/150970"}],"wp:featuredmedia":[{"embeddable":true,"href":"https:\/\/revistaesperanzas.com\/web\/wp-json\/wp\/v2\/media\/150967"}],"wp:attachment":[{"href":"https:\/\/revistaesperanzas.com\/web\/wp-json\/wp\/v2\/media?parent=150966"}],"wp:term":[{"taxonomy":"category","embeddable":true,"href":"https:\/\/revistaesperanzas.com\/web\/wp-json\/wp\/v2\/categories?post=150966"},{"taxonomy":"post_tag","embeddable":true,"href":"https:\/\/revistaesperanzas.com\/web\/wp-json\/wp\/v2\/tags?post=150966"}],"curies":[{"name":"wp","href":"https:\/\/api.w.org\/{rel}","templated":true}]}}