{"id":150971,"date":"2026-04-29T21:03:32","date_gmt":"2026-04-30T00:03:32","guid":{"rendered":"https:\/\/revistaesperanzas.com\/web\/?p=150971"},"modified":"2026-04-29T21:03:32","modified_gmt":"2026-04-30T00:03:32","slug":"en-operativos-de-contralor","status":"publish","type":"post","link":"https:\/\/revistaesperanzas.com\/web\/2026\/04\/en-operativos-de-contralor\/","title":{"rendered":"EN OPERATIVOS DE CONTRALOR"},"content":{"rendered":"<p>La Polic\u00eda recuper\u00f3 una motocicleta que registraba pedido de secuestro por hallarse denunciada como sustra\u00edda<\/p>\n<p>En la jornada de ayer 28-04-26, efectivos policiales de la Comisar\u00eda 21\u00ba urbana, en el marco de los operativos preventivos dispuestos por el Ministerio de Seguridad y la Jefatura de Polic\u00eda, tras persecuci\u00f3n lograron el secuestro de una motocicleta que registraba pedido de secuestro por hallarse denunciada como sustra\u00edda.<\/p>\n<p>El procedimiento tuvo lugar, en circunstancias en que efectivos policiales se encontraban de recorrida preventiva y operativos de contralor por calles Cartagena y G\u00fcemes de esta ciudad. En ese contexto, visualizaron a un individuo a bordo de una motocicleta quien, al advertir la presencia de un control policial, realiz\u00f3 maniobras peligrosas con el fin de evadir a los uniformados, d\u00e1ndose posteriormente a la fuga.<\/p>\n<p>Ante esta situaci\u00f3n, se inici\u00f3 un seguimiento controlado, ingresando el sujeto a distintos pasillos de la zona, donde finalmente abandon\u00f3 el rodado en la v\u00eda p\u00fablica, logrando darse a la fuga. Seguidamente, se procedi\u00f3 al secuestro preventivo del rodado, trat\u00e1ndose de una motocicleta -marca Honda Wave 110 cc.-, la cual fue trasladada a la dependencia policial, en este sentido tras las averiguaciones, se constat\u00f3 que el rodado registra un pedido de secuestro por hallarse denunciada como sustra\u00edda.<\/p>\n<p>La motocicleta recuperada fue puesta a disposici\u00f3n de la autoridad fiscal interviniente, en tanto, se prosigue con los tramites que corresponden.<\/p>\n","protected":false},"excerpt":{"rendered":"<p>La Polic\u00eda recuper\u00f3 una motocicleta que registraba pedido de secuestro por hallarse denunciada como sustra\u00edda En la jornada de ayer 28-04-26, efectivos policiales de la Comisar\u00eda 21\u00ba urbana, en el marco de los operativos preventivos dispuestos por el Ministerio de Seguridad y la Jefatura de Polic\u00eda, tras persecuci\u00f3n lograron el secuestro de una motocicleta que [&hellip;]<\/p>\n","protected":false},"author":4,"featured_media":150972,"comment_status":"closed","ping_status":"closed","sticky":false,"template":"","format":"standard","meta":{"footnotes":""},"categories":[58],"tags":[],"class_list":{"0":"post-150971","1":"post","2":"type-post","3":"status-publish","4":"format-standard","5":"has-post-thumbnail","7":"category-corrientes"},"_links":{"self":[{"href":"https:\/\/revistaesperanzas.com\/web\/wp-json\/wp\/v2\/posts\/150971","targetHints":{"allow":["GET"]}}],"collection":[{"href":"https:\/\/revistaesperanzas.com\/web\/wp-json\/wp\/v2\/posts"}],"about":[{"href":"https:\/\/revistaesperanzas.com\/web\/wp-json\/wp\/v2\/types\/post"}],"author":[{"embeddable":true,"href":"https:\/\/revistaesperanzas.com\/web\/wp-json\/wp\/v2\/users\/4"}],"replies":[{"embeddable":true,"href":"https:\/\/revistaesperanzas.com\/web\/wp-json\/wp\/v2\/comments?post=150971"}],"version-history":[{"count":1,"href":"https:\/\/revistaesperanzas.com\/web\/wp-json\/wp\/v2\/posts\/150971\/revisions"}],"predecessor-version":[{"id":150973,"href":"https:\/\/revistaesperanzas.com\/web\/wp-json\/wp\/v2\/posts\/150971\/revisions\/150973"}],"wp:featuredmedia":[{"embeddable":true,"href":"https:\/\/revistaesperanzas.com\/web\/wp-json\/wp\/v2\/media\/150972"}],"wp:attachment":[{"href":"https:\/\/revistaesperanzas.com\/web\/wp-json\/wp\/v2\/media?parent=150971"}],"wp:term":[{"taxonomy":"category","embeddable":true,"href":"https:\/\/revistaesperanzas.com\/web\/wp-json\/wp\/v2\/categories?post=150971"},{"taxonomy":"post_tag","embeddable":true,"href":"https:\/\/revistaesperanzas.com\/web\/wp-json\/wp\/v2\/tags?post=150971"}],"curies":[{"name":"wp","href":"https:\/\/api.w.org\/{rel}","templated":true}]}}