{"id":150986,"date":"2026-04-29T21:21:10","date_gmt":"2026-04-30T00:21:10","guid":{"rendered":"https:\/\/revistaesperanzas.com\/web\/?p=150986"},"modified":"2026-04-29T21:21:10","modified_gmt":"2026-04-30T00:21:10","slug":"colonia-liebig-siniestro-vial-con-consecuencia-fatal","status":"publish","type":"post","link":"https:\/\/revistaesperanzas.com\/web\/2026\/04\/colonia-liebig-siniestro-vial-con-consecuencia-fatal\/","title":{"rendered":"COLONIA LIEBIG: SINIESTRO VIAL CON CONSECUENCIA FATAL"},"content":{"rendered":"<p>En la tarde de hoy 29-04-26, efectivos policiales de la Comisaria Distrito Segunda de Colonia Liebig, tomaron conocimiento de un siniestro vial ocurrido sobre Ruta Nacional N\u00ba 14 a la altura del kil\u00f3metro 776 aproximadamente, donde por causas y circunstancias que se investigan, dos camiones y un autom\u00f3vil habr\u00edan colisionado, dejando como resultado el deceso de un hombre mayor de edad.<\/p>\n<p>Seg\u00fan la informaci\u00f3n preliminar obtenida, el siniestro se registr\u00f3 pasadas las 15:00 horas, teniendo como protagonistas a dos camiones, uno de -marca Ford-, guiado por un hombre de apellido Chilavert &#8211; y otro de \u2013 marca Volvo- conducido por un ciudadano y un autom\u00f3vil \u2013 marca Chevrolet- guiado por una mujer, todos mayores de edad, al respecto, fueron auxiliados y trasladados al hospital local, donde posteriormente informaron el deceso del conductor del Cami\u00f3n de marca Ford, desconoci\u00e9ndose mas detalles y por menores que rodearon a este hecho.<\/p>\n<p>En el lugar se contin\u00faan con las labores y diligencias correspondientes, en tanto, en la citada dependencia se realizan las dem\u00e1s diligencias.<\/p>\n","protected":false},"excerpt":{"rendered":"<p>En la tarde de hoy 29-04-26, efectivos policiales de la Comisaria Distrito Segunda de Colonia Liebig, tomaron conocimiento de un siniestro vial ocurrido sobre Ruta Nacional N\u00ba 14 a la altura del kil\u00f3metro 776 aproximadamente, donde por causas y circunstancias que se investigan, dos camiones y un autom\u00f3vil habr\u00edan colisionado, dejando como resultado el deceso [&hellip;]<\/p>\n","protected":false},"author":4,"featured_media":150987,"comment_status":"closed","ping_status":"closed","sticky":false,"template":"","format":"standard","meta":{"footnotes":""},"categories":[58],"tags":[],"class_list":{"0":"post-150986","1":"post","2":"type-post","3":"status-publish","4":"format-standard","5":"has-post-thumbnail","7":"category-corrientes"},"_links":{"self":[{"href":"https:\/\/revistaesperanzas.com\/web\/wp-json\/wp\/v2\/posts\/150986","targetHints":{"allow":["GET"]}}],"collection":[{"href":"https:\/\/revistaesperanzas.com\/web\/wp-json\/wp\/v2\/posts"}],"about":[{"href":"https:\/\/revistaesperanzas.com\/web\/wp-json\/wp\/v2\/types\/post"}],"author":[{"embeddable":true,"href":"https:\/\/revistaesperanzas.com\/web\/wp-json\/wp\/v2\/users\/4"}],"replies":[{"embeddable":true,"href":"https:\/\/revistaesperanzas.com\/web\/wp-json\/wp\/v2\/comments?post=150986"}],"version-history":[{"count":1,"href":"https:\/\/revistaesperanzas.com\/web\/wp-json\/wp\/v2\/posts\/150986\/revisions"}],"predecessor-version":[{"id":150988,"href":"https:\/\/revistaesperanzas.com\/web\/wp-json\/wp\/v2\/posts\/150986\/revisions\/150988"}],"wp:featuredmedia":[{"embeddable":true,"href":"https:\/\/revistaesperanzas.com\/web\/wp-json\/wp\/v2\/media\/150987"}],"wp:attachment":[{"href":"https:\/\/revistaesperanzas.com\/web\/wp-json\/wp\/v2\/media?parent=150986"}],"wp:term":[{"taxonomy":"category","embeddable":true,"href":"https:\/\/revistaesperanzas.com\/web\/wp-json\/wp\/v2\/categories?post=150986"},{"taxonomy":"post_tag","embeddable":true,"href":"https:\/\/revistaesperanzas.com\/web\/wp-json\/wp\/v2\/tags?post=150986"}],"curies":[{"name":"wp","href":"https:\/\/api.w.org\/{rel}","templated":true}]}}