{"id":150989,"date":"2026-04-29T21:23:42","date_gmt":"2026-04-30T00:23:42","guid":{"rendered":"https:\/\/revistaesperanzas.com\/web\/?p=150989"},"modified":"2026-04-29T21:23:42","modified_gmt":"2026-04-30T00:23:42","slug":"direccion-trata-de-personas-busqueda-y-captura-4","status":"publish","type":"post","link":"https:\/\/revistaesperanzas.com\/web\/2026\/04\/direccion-trata-de-personas-busqueda-y-captura-4\/","title":{"rendered":"DIRECCI\u00d3N TRATA DE PERSONAS, B\u00daSQUEDA Y CAPTURA"},"content":{"rendered":"<p>La Polic\u00eda de Corrientes logr\u00f3 hallar sana y salva a una joven que era intensamente buscada por las autoridades de la Provincia de Santiago del Estero.<\/p>\n<p>A ra\u00edz de un pedido proveniente de las autoridades de la Provincia de Santiago del Estero, en relaci\u00f3n a una causa en el cual se solicita establecer paradero y ubicaci\u00f3n de una joven de 18 a\u00f1os de edad, efectivos policiales dependientes de la Direcci\u00f3n Trata de Personas, B\u00fasqueda y Captura de la Polic\u00eda de Corrientes lograron en la jornada de hoy 29-04-26 hallar sana y salva a la misma.<\/p>\n<p>El procedimiento, lo llevaron a cabo los mencionados efectivos luego de un intenso y minucioso trabajo investigativo, lo que permiti\u00f3 finalmente localizar a la joven en buen estado de salud.<\/p>\n<p>La misma, fue puesta a disposici\u00f3n de las autoridades correspondientes a fin de continuar con los tr\u00e1mites al respecto.<\/p>\n","protected":false},"excerpt":{"rendered":"<p>La Polic\u00eda de Corrientes logr\u00f3 hallar sana y salva a una joven que era intensamente buscada por las autoridades de la Provincia de Santiago del Estero. A ra\u00edz de un pedido proveniente de las autoridades de la Provincia de Santiago del Estero, en relaci\u00f3n a una causa en el cual se solicita establecer paradero y [&hellip;]<\/p>\n","protected":false},"author":4,"featured_media":150990,"comment_status":"closed","ping_status":"closed","sticky":false,"template":"","format":"standard","meta":{"footnotes":""},"categories":[58],"tags":[],"class_list":{"0":"post-150989","1":"post","2":"type-post","3":"status-publish","4":"format-standard","5":"has-post-thumbnail","7":"category-corrientes"},"_links":{"self":[{"href":"https:\/\/revistaesperanzas.com\/web\/wp-json\/wp\/v2\/posts\/150989","targetHints":{"allow":["GET"]}}],"collection":[{"href":"https:\/\/revistaesperanzas.com\/web\/wp-json\/wp\/v2\/posts"}],"about":[{"href":"https:\/\/revistaesperanzas.com\/web\/wp-json\/wp\/v2\/types\/post"}],"author":[{"embeddable":true,"href":"https:\/\/revistaesperanzas.com\/web\/wp-json\/wp\/v2\/users\/4"}],"replies":[{"embeddable":true,"href":"https:\/\/revistaesperanzas.com\/web\/wp-json\/wp\/v2\/comments?post=150989"}],"version-history":[{"count":1,"href":"https:\/\/revistaesperanzas.com\/web\/wp-json\/wp\/v2\/posts\/150989\/revisions"}],"predecessor-version":[{"id":150991,"href":"https:\/\/revistaesperanzas.com\/web\/wp-json\/wp\/v2\/posts\/150989\/revisions\/150991"}],"wp:featuredmedia":[{"embeddable":true,"href":"https:\/\/revistaesperanzas.com\/web\/wp-json\/wp\/v2\/media\/150990"}],"wp:attachment":[{"href":"https:\/\/revistaesperanzas.com\/web\/wp-json\/wp\/v2\/media?parent=150989"}],"wp:term":[{"taxonomy":"category","embeddable":true,"href":"https:\/\/revistaesperanzas.com\/web\/wp-json\/wp\/v2\/categories?post=150989"},{"taxonomy":"post_tag","embeddable":true,"href":"https:\/\/revistaesperanzas.com\/web\/wp-json\/wp\/v2\/tags?post=150989"}],"curies":[{"name":"wp","href":"https:\/\/api.w.org\/{rel}","templated":true}]}}