{"id":151003,"date":"2026-04-30T21:51:27","date_gmt":"2026-05-01T00:51:27","guid":{"rendered":"https:\/\/revistaesperanzas.com\/web\/?p=151003"},"modified":"2026-04-30T21:51:27","modified_gmt":"2026-05-01T00:51:27","slug":"la-49a-edicion-de-la-fiesta-nacional-del-surubi-esta-en-marcha-el-gobernador-de-la-provincia-juan-pablo-valdes-dejo-oficialmente-inaugurada","status":"publish","type":"post","link":"https:\/\/revistaesperanzas.com\/web\/2026\/04\/la-49a-edicion-de-la-fiesta-nacional-del-surubi-esta-en-marcha-el-gobernador-de-la-provincia-juan-pablo-valdes-dejo-oficialmente-inaugurada\/","title":{"rendered":"La 49\u00aa EDICI\u00d3N DE LA FIESTA NACIONAL DEL SURUB\u00cd EST\u00c1 EN MARCHA :  EL GOBERNADOR DE LA PROVINCIA JUAN PABLO VALD\u00c9S DEJ\u00d3 OFICIALMENTE INAUGURADA"},"content":{"rendered":"<p style=\"font-weight: 400;\">El Mandatario Provincial adelant\u00f3 que seguir\u00e1 acompa\u00f1ando a la ciudad para \u201csu crecimiento tur\u00edstico \u201c y anticip\u00f3\u00a0que\u00a0 &#8220;el Gobierno de la Provincia invertir\u00e1 para ampliar el predio para albergar a los pescadores con mayor capacidad para la cena para la edici\u00f3n 50\u00aa.\u201d<a href=\"https:\/\/revistaesperanzas.com\/web\/2026\/04\/la-49a-edicion-de-la-fiesta-nacional-del-surubi-esta-en-marcha-el-gobernador-de-la-provincia-juan-pablo-valdes-dejo-oficialmente-inaugurada\/apertura-inauguracion-49-fns-5\/\" rel=\"attachment wp-att-151005\"><img loading=\"lazy\" decoding=\"async\" class=\" wp-image-151005 alignleft\" src=\"https:\/\/revistaesperanzas.com\/web\/wp-content\/uploads\/2026\/04\/Apertura-Inauguracion-49-FNS-5.jpg\" alt=\"\" width=\"501\" height=\"333\" \/><\/a><\/p>\n<p style=\"font-weight: 400;\">El Intendente agradeci\u00f3 a todos por el \u201ccompromiso por tener puesta la camiseta de Goya, nos sentimos orgullosos de ser goyanos\u201d<\/p>\n<p style=\"font-weight: 400;\">El Presidente de la\u00a0<a href=\"http:\/\/co.mu.pe\/\" data-saferedirecturl=\"https:\/\/www.google.com\/url?q=http:\/\/CO.MU.PE&amp;source=gmail&amp;ust=1777639181488000&amp;usg=AOvVaw2q1qSOsf4e2GVSW_7PLipw\">CO.MU.PE<\/a>\u00a0destac\u00f3 el trabajo de toda la comisi\u00f3n y manifest\u00f3 \u201cTener un gran equipo para lograr estos resultados.\u201d<\/p>\n<p style=\"font-weight: 400;\">Con la presencia del Gobernador de la Provincia Juan Pablo Vald\u00e9s, el Intendente Mariano Hormaechea, el Viceintendente Sebasti\u00e1n Mazzaro, intendentes de localidades correntinas, funcionarios municipales, provinciales, concejales, legisladores provinciales, integrantes de las fuerzas armadas y de seguridad, miembros de la\u00a0<a href=\"http:\/\/co.mu.pe\/\" data-saferedirecturl=\"https:\/\/www.google.com\/url?q=http:\/\/CO.MU.PE&amp;source=gmail&amp;ust=1777639181488000&amp;usg=AOvVaw2q1qSOsf4e2GVSW_7PLipw\">CO.MU.PE<\/a>, barras pesqueras, la reina y sus princesas, y p\u00fablico en general se vivi\u00f3 la noche inaugural de la 49\u00aa FNS.<a href=\"https:\/\/revistaesperanzas.com\/web\/2026\/04\/la-49a-edicion-de-la-fiesta-nacional-del-surubi-esta-en-marcha-el-gobernador-de-la-provincia-juan-pablo-valdes-dejo-oficialmente-inaugurada\/apertura-inauguracion-49-fns-9\/\" rel=\"attachment wp-att-151006\"><img loading=\"lazy\" decoding=\"async\" class=\" wp-image-151006 alignright\" src=\"https:\/\/revistaesperanzas.com\/web\/wp-content\/uploads\/2026\/04\/Apertura-Inauguracion-49-FNS-9.jpg\" alt=\"\" width=\"501\" height=\"333\" \/><\/a><\/p>\n<p style=\"font-weight: 400;\">La apertura desde el escenario Juan Mellero estuvo a cargo del Ballet Municipal Ana Mar\u00eda Trainini, la interpretaci\u00f3n del Himno Nacional Argentino, que sum\u00f3 la interpretaci\u00f3n en lengua de se\u00f1as.<\/p>\n<p style=\"font-weight: 400;\">Para dar lugar al acto formal para poner en marcha el Mundial de Pesca<\/p>\n<p style=\"font-weight: 400;\">RAUL GONZALEZ VILAS<\/p>\n<p style=\"font-weight: 400;\">\u00a0El presidente de la Comisi\u00f3n de Pesca Ra\u00fal Gonz\u00e1lez Vilas, tras el saludo y agradecimiento a las autoridades, se\u00f1al\u00f3:\u201d\u00a0\u00a0El d\u00eda ha llegado con un gran esfuerzo para es un honor presidir la 49 a Edici\u00f3n de la FNS surgi\u00f3 en un concurso de pesca, afianzando el v\u00ednculo de la amistad, la naturaleza como testigo, el Surub\u00ed como el gran anfitri\u00f3n, gracias al Gobierno<a href=\"https:\/\/revistaesperanzas.com\/web\/2026\/04\/la-49a-edicion-de-la-fiesta-nacional-del-surubi-esta-en-marcha-el-gobernador-de-la-provincia-juan-pablo-valdes-dejo-oficialmente-inaugurada\/apertura-inauguracion-49-fns-8\/\" rel=\"attachment wp-att-151007\"><img loading=\"lazy\" decoding=\"async\" class=\" wp-image-151007 alignleft\" src=\"https:\/\/revistaesperanzas.com\/web\/wp-content\/uploads\/2026\/04\/Apertura-Inauguracion-49-FNS-8.jpg\" alt=\"\" width=\"325\" height=\"423\" srcset=\"https:\/\/revistaesperanzas.com\/web\/wp-content\/uploads\/2026\/04\/Apertura-Inauguracion-49-FNS-8.jpg 500w, https:\/\/revistaesperanzas.com\/web\/wp-content\/uploads\/2026\/04\/Apertura-Inauguracion-49-FNS-8-323x420.jpg 323w\" sizes=\"auto, (max-width: 325px) 100vw, 325px\" \/><\/a> Provincial, a la Municipalidad de Goya, a mi Comisi\u00f3n Directiva, los quiero, a los expositores que apuestan por nuestra ciudad, a los visitantes, gracias por elegirnos y disfruten de los servicios.\u201d<\/p>\n<p style=\"font-weight: 400;\">\u201cEs un evento que trasciende, nos une. bienvenido a los pescadores, gracias, y disfrutemos de esta edici\u00f3n\u201d Finaliz\u00f3 \u201cBucky\u201d Gonz\u00e1lez Vilas<a href=\"https:\/\/revistaesperanzas.com\/web\/2026\/04\/la-49a-edicion-de-la-fiesta-nacional-del-surubi-esta-en-marcha-el-gobernador-de-la-provincia-juan-pablo-valdes-dejo-oficialmente-inaugurada\/apertura-inauguracion-49-fns-7\/\" rel=\"attachment wp-att-151008\"><img loading=\"lazy\" decoding=\"async\" class=\" wp-image-151008 alignright\" src=\"https:\/\/revistaesperanzas.com\/web\/wp-content\/uploads\/2026\/04\/Apertura-Inauguracion-49-FNS-7.jpg\" alt=\"\" width=\"322\" height=\"403\" srcset=\"https:\/\/revistaesperanzas.com\/web\/wp-content\/uploads\/2026\/04\/Apertura-Inauguracion-49-FNS-7.jpg 500w, https:\/\/revistaesperanzas.com\/web\/wp-content\/uploads\/2026\/04\/Apertura-Inauguracion-49-FNS-7-336x420.jpg 336w\" sizes=\"auto, (max-width: 322px) 100vw, 322px\" \/><\/a><\/p>\n<p style=\"font-weight: 400;\">MARIANO HORMAECHEA<\/p>\n<p style=\"font-weight: 400;\">El Intendente Municipal Mariano Hormaechea, a dirigirse a los presentes, expres\u00f3\u00a0 su reconocimiento a todos los que han trabajado, al Gobernador por el acompa\u00f1amiento, a legisladores provinciales, funcionarios municipales, concejales, miembros de las fuerzas armadas y de<a href=\"https:\/\/revistaesperanzas.com\/web\/2026\/04\/la-49a-edicion-de-la-fiesta-nacional-del-surubi-esta-en-marcha-el-gobernador-de-la-provincia-juan-pablo-valdes-dejo-oficialmente-inaugurada\/apertura-inauguracion-49-fns-10\/\" rel=\"attachment wp-att-151009\"><img loading=\"lazy\" decoding=\"async\" class=\" wp-image-151009 alignleft\" src=\"https:\/\/revistaesperanzas.com\/web\/wp-content\/uploads\/2026\/04\/Apertura-Inauguracion-49-FNS-10.jpg\" alt=\"\" width=\"501\" height=\"333\" \/><\/a> seguridad, al pueblo de Goya: \u201cllego el gran d\u00eda, estamos felices contentos por esta semana que transitamos, con la recuperaci\u00f3n de espacio p\u00fablico, inauguraci\u00f3n que contribuye a valorizar la historia de la ciudad, nuestra querida costanera, en un trabajo conjunto con el Gobierno de la Provincia, hoy arrancando la 49\u00aa edici\u00f3n como equipo estamos muy contentos, Bucky gracias por ponerte la camiseta de Goya, por estar a la altura de esta convocatoria, gracias a cada uno de los empleados que hace que el predio brille en\u00a0 cada<a href=\"https:\/\/revistaesperanzas.com\/web\/2026\/04\/la-49a-edicion-de-la-fiesta-nacional-del-surubi-esta-en-marcha-el-gobernador-de-la-provincia-juan-pablo-valdes-dejo-oficialmente-inaugurada\/apertura-inauguracion-49-fns-6\/\" rel=\"attachment wp-att-151010\"><img loading=\"lazy\" decoding=\"async\" class=\" wp-image-151010 alignright\" src=\"https:\/\/revistaesperanzas.com\/web\/wp-content\/uploads\/2026\/04\/Apertura-Inauguracion-49-FNS-6.jpg\" alt=\"\" width=\"501\" height=\"333\" \/><\/a> edici\u00f3n y cada vez mejor, gracias a las 1400 embarcaciones, a los pescadores provenientes de todo el pa\u00eds, estamos orgullosos se ser goyanos, de esta fiesta, estamos trabajando en revalorizar nuestra historia, una semana para disfrutar de Nuestro Mundial de Pesca.\u201d<\/p>\n<p style=\"font-weight: 400;\">JUAN PABLO VALDES<a href=\"https:\/\/revistaesperanzas.com\/web\/2026\/04\/la-49a-edicion-de-la-fiesta-nacional-del-surubi-esta-en-marcha-el-gobernador-de-la-provincia-juan-pablo-valdes-dejo-oficialmente-inaugurada\/apertura-inauguracion-49-fns-4\/\" rel=\"attachment wp-att-151011\"><img loading=\"lazy\" decoding=\"async\" class=\" wp-image-151011 alignleft\" src=\"https:\/\/revistaesperanzas.com\/web\/wp-content\/uploads\/2026\/04\/Apertura-Inauguracion-49-FNS-4.jpg\" alt=\"\" width=\"327\" height=\"425\" srcset=\"https:\/\/revistaesperanzas.com\/web\/wp-content\/uploads\/2026\/04\/Apertura-Inauguracion-49-FNS-4.jpg 500w, https:\/\/revistaesperanzas.com\/web\/wp-content\/uploads\/2026\/04\/Apertura-Inauguracion-49-FNS-4-323x420.jpg 323w\" sizes=\"auto, (max-width: 327px) 100vw, 327px\" \/><\/a><\/p>\n<p style=\"font-weight: 400;\">El Gobernador de la Provincia Juan Pablo Vald\u00e9s, manifest\u00f3: \u201cUn gran saludo a los pescadores del pa\u00eds y del extranjero, bienvenidos al Gran Mundial de Pesca, gracias por dejarme compartir esta fiesta, con mis hermanos, mis amigos hace 22 a\u00f1os conoc\u00ed esta fiesta, \u00a0hoy como Gobernador<a href=\"https:\/\/revistaesperanzas.com\/web\/2026\/04\/la-49a-edicion-de-la-fiesta-nacional-del-surubi-esta-en-marcha-el-gobernador-de-la-provincia-juan-pablo-valdes-dejo-oficialmente-inaugurada\/apertrtura-inauguracion-49-fns-1\/\" rel=\"attachment wp-att-151012\"><img loading=\"lazy\" decoding=\"async\" class=\" wp-image-151012 alignright\" src=\"https:\/\/revistaesperanzas.com\/web\/wp-content\/uploads\/2026\/04\/Apertrtura-Inauguracion-49-FNS-1.jpg\" alt=\"\" width=\"319\" height=\"399\" srcset=\"https:\/\/revistaesperanzas.com\/web\/wp-content\/uploads\/2026\/04\/Apertrtura-Inauguracion-49-FNS-1.jpg 500w, https:\/\/revistaesperanzas.com\/web\/wp-content\/uploads\/2026\/04\/Apertrtura-Inauguracion-49-FNS-1-336x420.jpg 336w\" sizes=\"auto, (max-width: 319px) 100vw, 319px\" \/><\/a> transmito mis felicitaciones por este enorme trabajo de cada goyano, por su fuerza, pasi\u00f3n, ganas que permiten hacer crecer este mundial y disfrutar de la pesca de la ciudad, este concurso que crece en cada Edici\u00f3n con gran convocatoria de participantes, pensando en la 50\u00aa edici\u00f3n, que tiene la limitante para albergar a los pescadores en la cena y premiaci\u00f3n, con el Gobierno de la provincia invertiremos para ampliar el espacio para que siga creciendo.\u201d<a href=\"https:\/\/revistaesperanzas.com\/web\/2026\/04\/la-49a-edicion-de-la-fiesta-nacional-del-surubi-esta-en-marcha-el-gobernador-de-la-provincia-juan-pablo-valdes-dejo-oficialmente-inaugurada\/apertura-inauguracion-49-fns-14\/\" rel=\"attachment wp-att-151013\"><img loading=\"lazy\" decoding=\"async\" class=\" wp-image-151013 alignleft\" src=\"https:\/\/revistaesperanzas.com\/web\/wp-content\/uploads\/2026\/04\/Apertura-Inauguracion-49-FNS-14.jpg\" alt=\"\" width=\"500\" height=\"357\" srcset=\"https:\/\/revistaesperanzas.com\/web\/wp-content\/uploads\/2026\/04\/Apertura-Inauguracion-49-FNS-14.jpg 600w, https:\/\/revistaesperanzas.com\/web\/wp-content\/uploads\/2026\/04\/Apertura-Inauguracion-49-FNS-14-589x420.jpg 589w, https:\/\/revistaesperanzas.com\/web\/wp-content\/uploads\/2026\/04\/Apertura-Inauguracion-49-FNS-14-100x70.jpg 100w\" sizes=\"auto, (max-width: 500px) 100vw, 500px\" \/><\/a><\/p>\n<p style=\"font-weight: 400;\">\u201cEste a\u00f1o concluimos una gran obra como la costanera, -agreg\u00f3 el Gobernador- sabemos que Goya es la primera ciudad del interior de Corrientes, por eso seguiremos acompa\u00f1ando, estaremos junto a Uds., por eso apostaremos al turismo, al crecimiento, no dejaremos de acompa\u00f1arlos, a todos los pescadores gracias por la decisi\u00f3n de elegir el Mundial de Pesca en un momento dif\u00edcil, entre todos se hace esta gran pesca, nuevamente gracias y dejo oficialmente inaugurada la 49\u00aa edici\u00f3n de la FNS\u201d Cerro el Gobernador<a href=\"https:\/\/revistaesperanzas.com\/web\/2026\/04\/la-49a-edicion-de-la-fiesta-nacional-del-surubi-esta-en-marcha-el-gobernador-de-la-provincia-juan-pablo-valdes-dejo-oficialmente-inaugurada\/apertura-inauguracion-49-fns-13\/\" rel=\"attachment wp-att-151015\"><img loading=\"lazy\" decoding=\"async\" class=\" wp-image-151015 alignright\" src=\"https:\/\/revistaesperanzas.com\/web\/wp-content\/uploads\/2026\/04\/Apertura-Inauguracion-49-FNS-13.jpg\" alt=\"\" width=\"500\" height=\"357\" srcset=\"https:\/\/revistaesperanzas.com\/web\/wp-content\/uploads\/2026\/04\/Apertura-Inauguracion-49-FNS-13.jpg 600w, https:\/\/revistaesperanzas.com\/web\/wp-content\/uploads\/2026\/04\/Apertura-Inauguracion-49-FNS-13-589x420.jpg 589w, https:\/\/revistaesperanzas.com\/web\/wp-content\/uploads\/2026\/04\/Apertura-Inauguracion-49-FNS-13-100x70.jpg 100w\" sizes=\"auto, (max-width: 500px) 100vw, 500px\" \/><\/a><\/p>\n<p style=\"font-weight: 400;\">Para completar el cuadro de emociones y poner en marcha la 49\u00aa edici\u00f3n de la Fiesta Nacional del Surub\u00ed los presentes disfrutaron del recitado de Carlos Gomez Mu\u00f1oz y la canci\u00f3n del Surub\u00ed interpretado por Oscar Macias y Curup\u00ed, con los destellos como luces giradas hacia el cielo, haciendo vibrar el Multiespacio Ferial Costa Surub\u00ed<\/p>\n<p style=\"font-weight: 400;\">La noche se prolong\u00f3 con la actuaci\u00f3n de Curup\u00ed y la grilla programada para la primera noche de festival y la presentaci\u00f3n de las postulantes a reina de la Fiesta Nacional del Surub\u00ed<\/p>\n","protected":false},"excerpt":{"rendered":"<p>El Mandatario Provincial adelant\u00f3 que seguir\u00e1 acompa\u00f1ando a la ciudad para \u201csu crecimiento tur\u00edstico \u201c y anticip\u00f3\u00a0que\u00a0 &#8220;el Gobierno de la Provincia invertir\u00e1 para ampliar el predio para albergar a los pescadores con mayor capacidad para la cena para la edici\u00f3n 50\u00aa.\u201d El Intendente agradeci\u00f3 a todos por el \u201ccompromiso por tener puesta la camiseta [&hellip;]<\/p>\n","protected":false},"author":4,"featured_media":151004,"comment_status":"closed","ping_status":"closed","sticky":false,"template":"","format":"standard","meta":{"footnotes":""},"categories":[45],"tags":[],"class_list":{"0":"post-151003","1":"post","2":"type-post","3":"status-publish","4":"format-standard","5":"has-post-thumbnail","7":"category-locales"},"_links":{"self":[{"href":"https:\/\/revistaesperanzas.com\/web\/wp-json\/wp\/v2\/posts\/151003","targetHints":{"allow":["GET"]}}],"collection":[{"href":"https:\/\/revistaesperanzas.com\/web\/wp-json\/wp\/v2\/posts"}],"about":[{"href":"https:\/\/revistaesperanzas.com\/web\/wp-json\/wp\/v2\/types\/post"}],"author":[{"embeddable":true,"href":"https:\/\/revistaesperanzas.com\/web\/wp-json\/wp\/v2\/users\/4"}],"replies":[{"embeddable":true,"href":"https:\/\/revistaesperanzas.com\/web\/wp-json\/wp\/v2\/comments?post=151003"}],"version-history":[{"count":2,"href":"https:\/\/revistaesperanzas.com\/web\/wp-json\/wp\/v2\/posts\/151003\/revisions"}],"predecessor-version":[{"id":151017,"href":"https:\/\/revistaesperanzas.com\/web\/wp-json\/wp\/v2\/posts\/151003\/revisions\/151017"}],"wp:featuredmedia":[{"embeddable":true,"href":"https:\/\/revistaesperanzas.com\/web\/wp-json\/wp\/v2\/media\/151004"}],"wp:attachment":[{"href":"https:\/\/revistaesperanzas.com\/web\/wp-json\/wp\/v2\/media?parent=151003"}],"wp:term":[{"taxonomy":"category","embeddable":true,"href":"https:\/\/revistaesperanzas.com\/web\/wp-json\/wp\/v2\/categories?post=151003"},{"taxonomy":"post_tag","embeddable":true,"href":"https:\/\/revistaesperanzas.com\/web\/wp-json\/wp\/v2\/tags?post=151003"}],"curies":[{"name":"wp","href":"https:\/\/api.w.org\/{rel}","templated":true}]}}