{"id":151021,"date":"2026-04-30T22:01:29","date_gmt":"2026-05-01T01:01:29","guid":{"rendered":"https:\/\/revistaesperanzas.com\/web\/?p=151021"},"modified":"2026-04-30T22:01:29","modified_gmt":"2026-05-01T01:01:29","slug":"el-balcon-del-mundo","status":"publish","type":"post","link":"https:\/\/revistaesperanzas.com\/web\/2026\/04\/el-balcon-del-mundo\/","title":{"rendered":"EL BALC\u00d3N DEL MUNDO"},"content":{"rendered":"<div class=\"xdj266r x14z9mp xat24cr x1lziwak x1vvkbs x126k92a\">\n<div dir=\"auto\">Hoy fui a la Costanera. Me emocion\u00e9. Volv\u00ed y me puse a escribir. Sali\u00f3 esto:<\/div>\n<\/div>\n<div class=\"x14z9mp xat24cr x1lziwak x1vvkbs xtlvy1s x126k92a\">\n<div dir=\"auto\"><\/div>\n<\/div>\n<div class=\"x14z9mp xat24cr x1lziwak x1vvkbs xtlvy1s x126k92a\">\n<div dir=\"auto\">Cinco a\u00f1os de orilla herida,<\/div>\n<div dir=\"auto\">de mirar con pena el r\u00edo,<\/div>\n<div dir=\"auto\">extra\u00f1ando aquella vida<\/div>\n<div dir=\"auto\">que se hundi\u00f3 en el hondo fr\u00edo.<\/div>\n<\/div>\n<div class=\"x14z9mp xat24cr x1lziwak x1vvkbs xtlvy1s x126k92a\">\n<div dir=\"auto\">Pero el goyano es de acero,<\/div>\n<div dir=\"auto\">no se rinde en el quebranto,<\/div>\n<div dir=\"auto\">y hoy sobre \u00e9l amarradero<\/div>\n<div dir=\"auto\">se acaba por fin el llanto.<\/div>\n<\/div>\n<div class=\"x14z9mp xat24cr x1lziwak x1vvkbs xtlvy1s x126k92a\">\n<div dir=\"auto\">Es majestuosa y es grande,<\/div>\n<div dir=\"auto\">imponente su figura,<\/div>\n<div dir=\"auto\">un gigante que se expande<\/div>\n<div dir=\"auto\">con moderna arquitectura.<\/div>\n<div dir=\"auto\">Esta nueva Costanera<\/div>\n<div dir=\"auto\">que nos margina el olvido,<\/div>\n<div dir=\"auto\">es nuestra nueva bandera<\/div>\n<div dir=\"auto\">por lo que hemos sufrido.<\/div>\n<\/div>\n<div class=\"x14z9mp xat24cr x1lziwak x1vvkbs xtlvy1s x126k92a\">\n<div dir=\"auto\">Aunque el alma todav\u00eda<\/div>\n<div dir=\"auto\">busque la vieja postal,<\/div>\n<div dir=\"auto\">nace una nueva alegr\u00eda<\/div>\n<div dir=\"auto\">en este balc\u00f3n fluvial.<\/div>\n<\/div>\n<div class=\"x14z9mp xat24cr x1lziwak x1vvkbs xtlvy1s x126k92a\">\n<div dir=\"auto\">Del N\u00e1utico hasta el muelle,<\/div>\n<div dir=\"auto\">el paso se vuelve gloria,<\/div>\n<div dir=\"auto\">\u00a1no hay agua que nos atropelle<\/div>\n<div dir=\"auto\">ni que borre nuestra historia!<\/div>\n<\/div>\n<div class=\"x14z9mp xat24cr x1lziwak x1vvkbs xtlvy1s x126k92a\">\n<div dir=\"auto\"><\/div>\n<div dir=\"auto\">Ram\u00f3n Cavalieri\u00a0 &#8211;\u00a0 Abril 2026<\/div>\n<\/div>\n","protected":false},"excerpt":{"rendered":"<p>Hoy fui a la Costanera. Me emocion\u00e9. Volv\u00ed y me puse a escribir. Sali\u00f3 esto: Cinco a\u00f1os de orilla herida, de mirar con pena el r\u00edo, extra\u00f1ando aquella vida que se hundi\u00f3 en el hondo fr\u00edo. Pero el goyano es de acero, no se rinde en el quebranto, y hoy sobre \u00e9l amarradero se acaba [&hellip;]<\/p>\n","protected":false},"author":4,"featured_media":151022,"comment_status":"closed","ping_status":"closed","sticky":false,"template":"","format":"standard","meta":{"footnotes":""},"categories":[45],"tags":[],"class_list":{"0":"post-151021","1":"post","2":"type-post","3":"status-publish","4":"format-standard","5":"has-post-thumbnail","7":"category-locales"},"_links":{"self":[{"href":"https:\/\/revistaesperanzas.com\/web\/wp-json\/wp\/v2\/posts\/151021","targetHints":{"allow":["GET"]}}],"collection":[{"href":"https:\/\/revistaesperanzas.com\/web\/wp-json\/wp\/v2\/posts"}],"about":[{"href":"https:\/\/revistaesperanzas.com\/web\/wp-json\/wp\/v2\/types\/post"}],"author":[{"embeddable":true,"href":"https:\/\/revistaesperanzas.com\/web\/wp-json\/wp\/v2\/users\/4"}],"replies":[{"embeddable":true,"href":"https:\/\/revistaesperanzas.com\/web\/wp-json\/wp\/v2\/comments?post=151021"}],"version-history":[{"count":1,"href":"https:\/\/revistaesperanzas.com\/web\/wp-json\/wp\/v2\/posts\/151021\/revisions"}],"predecessor-version":[{"id":151023,"href":"https:\/\/revistaesperanzas.com\/web\/wp-json\/wp\/v2\/posts\/151021\/revisions\/151023"}],"wp:featuredmedia":[{"embeddable":true,"href":"https:\/\/revistaesperanzas.com\/web\/wp-json\/wp\/v2\/media\/151022"}],"wp:attachment":[{"href":"https:\/\/revistaesperanzas.com\/web\/wp-json\/wp\/v2\/media?parent=151021"}],"wp:term":[{"taxonomy":"category","embeddable":true,"href":"https:\/\/revistaesperanzas.com\/web\/wp-json\/wp\/v2\/categories?post=151021"},{"taxonomy":"post_tag","embeddable":true,"href":"https:\/\/revistaesperanzas.com\/web\/wp-json\/wp\/v2\/tags?post=151021"}],"curies":[{"name":"wp","href":"https:\/\/api.w.org\/{rel}","templated":true}]}}