{"id":151043,"date":"2026-05-01T08:56:54","date_gmt":"2026-05-01T11:56:54","guid":{"rendered":"https:\/\/revistaesperanzas.com\/web\/?p=151043"},"modified":"2026-05-01T08:56:54","modified_gmt":"2026-05-01T11:56:54","slug":"38a-expo-goya-el-gobernador-juan-pablo-valdes-junto-al-intendente-mariano-hormaechea-participaron-de-la-habilitacion-de-la-muestra","status":"publish","type":"post","link":"https:\/\/revistaesperanzas.com\/web\/2026\/05\/38a-expo-goya-el-gobernador-juan-pablo-valdes-junto-al-intendente-mariano-hormaechea-participaron-de-la-habilitacion-de-la-muestra\/","title":{"rendered":"38\u00aa EXPO GOYA  EL GOBERNADOR JUAN PABLO VALD\u00c9S JUNTO AL INTENDENTE MARIANO HORMAECHEA PARTICIPARON DE LA HABILITACI\u00d3N DE LA MUESTRA"},"content":{"rendered":"<p style=\"font-weight: 400;\">Antes de la ceremonia inaugural de la 49\u00aa Edici\u00f3n de la Fiesta Nacional del Surub\u00ed, el Gobernador de la Provincia Juan Pablo Vald\u00e9s, junto al Intendente Municipal Mariano<a href=\"https:\/\/revistaesperanzas.com\/web\/2026\/05\/38a-expo-goya-el-gobernador-juan-pablo-valdes-junto-al-intendente-mariano-hormaechea-participaron-de-la-habilitacion-de-la-muestra\/habilitacion-expo-goya-5\/\" rel=\"attachment wp-att-151045\"><img loading=\"lazy\" decoding=\"async\" class=\" wp-image-151045 alignright\" src=\"https:\/\/revistaesperanzas.com\/web\/wp-content\/uploads\/2026\/05\/habilitacion-Expo-Goya-5.jpg\" alt=\"\" width=\"450\" height=\"315\" srcset=\"https:\/\/revistaesperanzas.com\/web\/wp-content\/uploads\/2026\/05\/habilitacion-Expo-Goya-5.jpg 600w, https:\/\/revistaesperanzas.com\/web\/wp-content\/uploads\/2026\/05\/habilitacion-Expo-Goya-5-100x70.jpg 100w\" sizes=\"auto, (max-width: 450px) 100vw, 450px\" \/><\/a> Hormaechea, el Viceintendente Sebasti\u00e1n Mazzaro, el Presidente de la\u00a0<a href=\"http:\/\/cvo.mu.pe\/\" data-saferedirecturl=\"https:\/\/www.google.com\/url?q=http:\/\/CVO.MU.PE&amp;source=gmail&amp;ust=1777722401846000&amp;usg=AOvVaw1C8qNH7DunE-4o-gRyL3dC\">CVO.MU.PE<\/a>\u00a0Ra\u00fal Gonz\u00e1lez Vilas, funcionarios municipales, provinciales, concejales, expositores, el Obispo Diocesano Monse\u00f1or Adolfo Canecin, la reina y princesas de la Fiesta Nacional del Surub\u00ed \u00a0y p\u00fablico en general, participaron de \u00a0la habilitaci\u00f3n de la muestra donde se expondr\u00e1 durante esos d\u00edas el potencial comercial, empresarial y de emprendedores en la 38\u00aa Expo Goya.<a href=\"https:\/\/revistaesperanzas.com\/web\/2026\/05\/38a-expo-goya-el-gobernador-juan-pablo-valdes-junto-al-intendente-mariano-hormaechea-participaron-de-la-habilitacion-de-la-muestra\/habilitacion-expo-goya-2\/\" rel=\"attachment wp-att-151046\"><img loading=\"lazy\" decoding=\"async\" class=\" wp-image-151046 alignleft\" src=\"https:\/\/revistaesperanzas.com\/web\/wp-content\/uploads\/2026\/05\/habilitacion-Expo-Goya-2.jpg\" alt=\"\" width=\"450\" height=\"311\" srcset=\"https:\/\/revistaesperanzas.com\/web\/wp-content\/uploads\/2026\/05\/habilitacion-Expo-Goya-2.jpg 600w, https:\/\/revistaesperanzas.com\/web\/wp-content\/uploads\/2026\/05\/habilitacion-Expo-Goya-2-218x150.jpg 218w, https:\/\/revistaesperanzas.com\/web\/wp-content\/uploads\/2026\/05\/habilitacion-Expo-Goya-2-100x70.jpg 100w\" sizes=\"auto, (max-width: 450px) 100vw, 450px\" \/><\/a><\/p>\n<p style=\"font-weight: 400;\">La Banda Militar Puerto Argentino, ejecut\u00f3 los sones de la canci\u00f3n patria, el Himno Nacional Argentino, para posteriormente Monse\u00f1or Adolfo Canecin, impartir la bendici\u00f3n correspondiente, poniendo todo este trabajo, esfuerzo en manos de Dios y en el Coraz\u00f3n de Mar\u00eda, invitando a revivir este espacio de encuentro, agradeciendo el compromiso de los que hacen posible esta exposici\u00f3n, tras la<a href=\"https:\/\/revistaesperanzas.com\/web\/2026\/05\/38a-expo-goya-el-gobernador-juan-pablo-valdes-junto-al-intendente-mariano-hormaechea-participaron-de-la-habilitacion-de-la-muestra\/habilitacion-expo-goya-4\/\" rel=\"attachment wp-att-151047\"><img loading=\"lazy\" decoding=\"async\" class=\" wp-image-151047 alignright\" src=\"https:\/\/revistaesperanzas.com\/web\/wp-content\/uploads\/2026\/05\/habilitacion-Expo-Goya-4.jpg\" alt=\"\" width=\"449\" height=\"314\" srcset=\"https:\/\/revistaesperanzas.com\/web\/wp-content\/uploads\/2026\/05\/habilitacion-Expo-Goya-4.jpg 600w, https:\/\/revistaesperanzas.com\/web\/wp-content\/uploads\/2026\/05\/habilitacion-Expo-Goya-4-100x70.jpg 100w\" sizes=\"auto, (max-width: 449px) 100vw, 449px\" \/><\/a> oraci\u00f3n volvi\u00f3 a invitar a celebrar el encuentro que propone la ciudad durante esta semana.<\/p>\n<p style=\"font-weight: 400;\">Para dejar habilitada la muestra el Gobernador, el Intendente, Viceintendente y autoridades presentes procedieron al corte de cintas, para iniciar la recorrida por cada uno de los stands distribuidos en el Multiespacio Ferial de Costa Surub\u00ed<\/p>\n","protected":false},"excerpt":{"rendered":"<p>Antes de la ceremonia inaugural de la 49\u00aa Edici\u00f3n de la Fiesta Nacional del Surub\u00ed, el Gobernador de la Provincia Juan Pablo Vald\u00e9s, junto al Intendente Municipal Mariano Hormaechea, el Viceintendente Sebasti\u00e1n Mazzaro, el Presidente de la\u00a0CVO.MU.PE\u00a0Ra\u00fal Gonz\u00e1lez Vilas, funcionarios municipales, provinciales, concejales, expositores, el Obispo Diocesano Monse\u00f1or Adolfo Canecin, la reina y princesas de [&hellip;]<\/p>\n","protected":false},"author":4,"featured_media":151044,"comment_status":"closed","ping_status":"closed","sticky":false,"template":"","format":"standard","meta":{"footnotes":""},"categories":[45],"tags":[],"class_list":{"0":"post-151043","1":"post","2":"type-post","3":"status-publish","4":"format-standard","5":"has-post-thumbnail","7":"category-locales"},"_links":{"self":[{"href":"https:\/\/revistaesperanzas.com\/web\/wp-json\/wp\/v2\/posts\/151043","targetHints":{"allow":["GET"]}}],"collection":[{"href":"https:\/\/revistaesperanzas.com\/web\/wp-json\/wp\/v2\/posts"}],"about":[{"href":"https:\/\/revistaesperanzas.com\/web\/wp-json\/wp\/v2\/types\/post"}],"author":[{"embeddable":true,"href":"https:\/\/revistaesperanzas.com\/web\/wp-json\/wp\/v2\/users\/4"}],"replies":[{"embeddable":true,"href":"https:\/\/revistaesperanzas.com\/web\/wp-json\/wp\/v2\/comments?post=151043"}],"version-history":[{"count":2,"href":"https:\/\/revistaesperanzas.com\/web\/wp-json\/wp\/v2\/posts\/151043\/revisions"}],"predecessor-version":[{"id":151049,"href":"https:\/\/revistaesperanzas.com\/web\/wp-json\/wp\/v2\/posts\/151043\/revisions\/151049"}],"wp:featuredmedia":[{"embeddable":true,"href":"https:\/\/revistaesperanzas.com\/web\/wp-json\/wp\/v2\/media\/151044"}],"wp:attachment":[{"href":"https:\/\/revistaesperanzas.com\/web\/wp-json\/wp\/v2\/media?parent=151043"}],"wp:term":[{"taxonomy":"category","embeddable":true,"href":"https:\/\/revistaesperanzas.com\/web\/wp-json\/wp\/v2\/categories?post=151043"},{"taxonomy":"post_tag","embeddable":true,"href":"https:\/\/revistaesperanzas.com\/web\/wp-json\/wp\/v2\/tags?post=151043"}],"curies":[{"name":"wp","href":"https:\/\/api.w.org\/{rel}","templated":true}]}}