{"id":151050,"date":"2026-05-01T09:00:44","date_gmt":"2026-05-01T12:00:44","guid":{"rendered":"https:\/\/revistaesperanzas.com\/web\/?p=151050"},"modified":"2026-05-01T09:00:44","modified_gmt":"2026-05-01T12:00:44","slug":"el-parque-industrial-tiene-su-propio-stand-en-la-expo-goya","status":"publish","type":"post","link":"https:\/\/revistaesperanzas.com\/web\/2026\/05\/el-parque-industrial-tiene-su-propio-stand-en-la-expo-goya\/","title":{"rendered":"EL PARQUE INDUSTRIAL TIENE SU PROPIO STAND EN LA EXPO GOYA"},"content":{"rendered":"<p style=\"font-weight: 400;\">El consorcio Parque Industrial participa por primera vez con un espacio propio en la Expo Goya, una iniciativa que fue muy bien recibida por la secretaria de Industria, Mar\u00eda Paz Lampugnani, quien calific\u00f3 el hecho como \u201cun sue\u00f1o cumplido despu\u00e9s de muchos a\u00f1os\u201d.<a href=\"https:\/\/revistaesperanzas.com\/web\/2026\/05\/el-parque-industrial-tiene-su-propio-stand-en-la-expo-goya\/expo-goya-el-parque-industrial-en-la-muestra-1\/\" rel=\"attachment wp-att-151052\"><img loading=\"lazy\" decoding=\"async\" class=\" wp-image-151052 alignright\" src=\"https:\/\/revistaesperanzas.com\/web\/wp-content\/uploads\/2026\/05\/expo-goya-el-parque-industrial-en-la-muestra-1.jpg\" alt=\"\" width=\"541\" height=\"360\" \/><\/a><\/p>\n<p style=\"font-weight: 400;\">La funcionaria destac\u00f3 que la propuesta surge del propio sector privado, ya que esto motiva a otras empresas a sumarse y a mostrar su trabajo. Desde la secretar\u00eda decidieron<a href=\"https:\/\/revistaesperanzas.com\/web\/2026\/05\/el-parque-industrial-tiene-su-propio-stand-en-la-expo-goya\/expo-goya-el-parque-industrial-en-la-muestra-2\/\" rel=\"attachment wp-att-151053\"><img loading=\"lazy\" decoding=\"async\" class=\" wp-image-151053 alignleft\" src=\"https:\/\/revistaesperanzas.com\/web\/wp-content\/uploads\/2026\/05\/expo-goya-el-parque-industrial-en-la-muestra-2.jpg\" alt=\"\" width=\"540\" height=\"359\" \/><\/a> apoyar la acci\u00f3n donando un cartel identificatorio para el stand.<\/p>\n<p style=\"font-weight: 400;\">&#8220;Trabajar juntos facilita las gestiones y permite mostrar mejor todo lo que se produce en la zona&#8221;, se\u00f1al\u00f3, y agreg\u00f3 que ser\u00eda muy positivo que esta experiencia se repita en cada edici\u00f3n de la feria. Tambi\u00e9n, felicit\u00f3 a la comisi\u00f3n del Parque Industrial, reconociendo que armar el espacio requiri\u00f3 coordinaci\u00f3n, acuerdos y mucho esfuerzo.<\/p>\n","protected":false},"excerpt":{"rendered":"<p>El consorcio Parque Industrial participa por primera vez con un espacio propio en la Expo Goya, una iniciativa que fue muy bien recibida por la secretaria de Industria, Mar\u00eda Paz Lampugnani, quien calific\u00f3 el hecho como \u201cun sue\u00f1o cumplido despu\u00e9s de muchos a\u00f1os\u201d. La funcionaria destac\u00f3 que la propuesta surge del propio sector privado, ya [&hellip;]<\/p>\n","protected":false},"author":4,"featured_media":151051,"comment_status":"closed","ping_status":"closed","sticky":false,"template":"","format":"standard","meta":{"footnotes":""},"categories":[45],"tags":[],"class_list":{"0":"post-151050","1":"post","2":"type-post","3":"status-publish","4":"format-standard","5":"has-post-thumbnail","7":"category-locales"},"_links":{"self":[{"href":"https:\/\/revistaesperanzas.com\/web\/wp-json\/wp\/v2\/posts\/151050","targetHints":{"allow":["GET"]}}],"collection":[{"href":"https:\/\/revistaesperanzas.com\/web\/wp-json\/wp\/v2\/posts"}],"about":[{"href":"https:\/\/revistaesperanzas.com\/web\/wp-json\/wp\/v2\/types\/post"}],"author":[{"embeddable":true,"href":"https:\/\/revistaesperanzas.com\/web\/wp-json\/wp\/v2\/users\/4"}],"replies":[{"embeddable":true,"href":"https:\/\/revistaesperanzas.com\/web\/wp-json\/wp\/v2\/comments?post=151050"}],"version-history":[{"count":2,"href":"https:\/\/revistaesperanzas.com\/web\/wp-json\/wp\/v2\/posts\/151050\/revisions"}],"predecessor-version":[{"id":151055,"href":"https:\/\/revistaesperanzas.com\/web\/wp-json\/wp\/v2\/posts\/151050\/revisions\/151055"}],"wp:featuredmedia":[{"embeddable":true,"href":"https:\/\/revistaesperanzas.com\/web\/wp-json\/wp\/v2\/media\/151051"}],"wp:attachment":[{"href":"https:\/\/revistaesperanzas.com\/web\/wp-json\/wp\/v2\/media?parent=151050"}],"wp:term":[{"taxonomy":"category","embeddable":true,"href":"https:\/\/revistaesperanzas.com\/web\/wp-json\/wp\/v2\/categories?post=151050"},{"taxonomy":"post_tag","embeddable":true,"href":"https:\/\/revistaesperanzas.com\/web\/wp-json\/wp\/v2\/tags?post=151050"}],"curies":[{"name":"wp","href":"https:\/\/api.w.org\/{rel}","templated":true}]}}