{"id":151056,"date":"2026-05-01T09:02:21","date_gmt":"2026-05-01T12:02:21","guid":{"rendered":"https:\/\/revistaesperanzas.com\/web\/?p=151056"},"modified":"2026-05-01T09:02:21","modified_gmt":"2026-05-01T12:02:21","slug":"costa-surubi-abrio-sus-puertas-la-fiesta-mayor-de-goya-ya-se-vive-a-pleno","status":"publish","type":"post","link":"https:\/\/revistaesperanzas.com\/web\/2026\/05\/costa-surubi-abrio-sus-puertas-la-fiesta-mayor-de-goya-ya-se-vive-a-pleno\/","title":{"rendered":"COSTA SURUB\u00cd ABRI\u00d3 SUS PUERTAS: LA FIESTA MAYOR DE GOYA YA SE VIVE A PLENO"},"content":{"rendered":"<p style=\"font-weight: 400;\">Con el brillo del agua como tel\u00f3n de fondo y el entusiasmo de miles de personas como motor, qued\u00f3 inaugurada oficialmente el mi\u00e9rcoles por la noche la Fiesta Nacional del Surub\u00ed, el evento m\u00e1s esperado de la regi\u00f3n, que transforma a Costa Surub\u00ed \u2014sede de la Expo Goya\u2014 en el centro de la celebraci\u00f3n hasta el domingo pr\u00f3ximo. Ya desde los primeros momentos, el ambiente respiraba fiesta: risas, m\u00fasica y el ir y venir de familias, visitantes y trabajadores que han puesto todo su empe\u00f1o para que esta edici\u00f3n sea inolvidable.<\/p>\n<p style=\"font-weight: 400;\">En medio de esta atm\u00f3sfera de alegr\u00eda y trabajo compartido, Ra\u00fal Gonz\u00e1lez Vilas, presidente de la Comisi\u00f3n Municipal de Pesca (COMUPE), coment\u00f3 sus primeras impresiones en declaraciones radiales, haciendo \u00e9nfasis en lo que hace \u00fanica a esta celebraci\u00f3n: \u00abEl r\u00edo nos une: es una pasi\u00f3n. Quien tiene pasi\u00f3n la comparte con otros; ah\u00ed se intercambian experiencias y se mantienen lazos de amistad para siempre\u00bb, expres\u00f3. Esa esencia colectiva, seg\u00fan \u00e9l, es la verdadera clave del \u00e9xito: \u00abNadie puede atribuirse el \u00e9xito de la fiesta de manera personal. Hay mucha gente trabajando a mi lado; cuento con un equipo excepcional que se puso la camiseta y se dedic\u00f3 con entrega\u00bb, aclar\u00f3.<\/p>\n<p style=\"font-weight: 400;\">La organizaci\u00f3n no ha sido tarea sencilla. Los preparativos se intensificaron en los \u00faltimos meses del a\u00f1o anterior, en octubre y noviembre, con la determinaci\u00f3n de llegar con todo listo. Sin embargo, la naturaleza plante\u00f3 un desaf\u00edo inesperado: hace apenas una semana, una tormenta que dej\u00f3 200 mil\u00edmetros de lluvia afect\u00f3 el predio obligando a todo el equipo a salir a trabajar sobre el terreno para reparar da\u00f1os y acondicionar nuevamente cada espacio. \u00abTuvimos que salir a chapotear y arreglar todo, pero lo hicimos juntos\u00bb, record\u00f3 Gonz\u00e1lez Vilas, agradeciendo tambi\u00e9n el respaldo del equipo municipal y la colaboraci\u00f3n constante del intendente Mariano Hormaechea.<\/p>\n<p style=\"font-weight: 400;\">Uno de los puntos destacados de esta edici\u00f3n es el acceso libre y gratuito para gran parte de la celebraci\u00f3n. Este jueves, en la Casa del Bicentenario se entregaron entradas gratuitas, y durante cinco d\u00edas habr\u00e1 horarios de acceso sin costo para todo el p\u00fablico. El presidente de COMUPE fue claro al explicar el porqu\u00e9 de esta medida: \u00abPodemos tener el mejor escenario, los mejores shows, las mejores empresas y artesanos; pero si la gente no puede entrar, \u00bfde qu\u00e9 sirve? Ser\u00eda contradictorio organizar algo tan grande y que nadie pueda disfrutarlo. Queremos que venga todo el mundo, que se acompa\u00f1en y que vivan la fiesta\u00bb, explic\u00f3.<\/p>\n<p style=\"font-weight: 400;\">Para quienes se acercan a Costa Surub\u00ed, la propuesta es amplia y variada: hay puestos de emprendedores y artesanos, un parque de diversiones, espacios gastron\u00f3micos para todos los gustos y propuestas pensadas especialmente para los m\u00e1s chicos. Desde un auto de carreras propiedad de Ignacio \u201cNacho\u201d Vilas hasta grandes motores de lancha, todo est\u00e1 pensado para ense\u00f1ar y divertir.<\/p>\n<p style=\"font-weight: 400;\">\u00abVer a los chicos disfrutar del paseo me llena de alegr\u00eda y me revitaliza\u201d, dijo Gonz\u00e1lez Vilas. Y no es solo la alegr\u00eda lo que se percibe: tambi\u00e9n el sentido de comunidad y la presencia institucional que garantiza la seguridad y el orden. El Ej\u00e9rcito, la Prefectura y los Bomberos est\u00e1n presentes, con sus equipos cerca del escenario, formando parte tambi\u00e9n de esta gran familia que celebra.<\/p>\n<p style=\"font-weight: 400;\">La fiesta, que los pescadores dieron en llamar \u00abMundial de Pesca\u00bb, es mucho m\u00e1s que un evento: es el reflejo de la identidad de Goya y de toda Corrientes. Como dijo Gonz\u00e1lez Vilas: \u00abEs de todos los goyanos y de todos los correntinos. Ese nombre que le pusieron los pescadores lo llevamos con orgullo y lo respetamos, porque habla de nuestra historia y de nuestra pasi\u00f3n por el r\u00edo\u00bb.<\/p>\n<p style=\"font-weight: 400;\">Hasta el domingo, Costa Surub\u00ed seguir\u00e1 siendo el punto de encuentro donde la tradici\u00f3n, el trabajo y la alegr\u00eda se unen, como siempre, al comp\u00e1s del r\u00edo que los une a todos.<\/p>\n","protected":false},"excerpt":{"rendered":"<p>Con el brillo del agua como tel\u00f3n de fondo y el entusiasmo de miles de personas como motor, qued\u00f3 inaugurada oficialmente el mi\u00e9rcoles por la noche la Fiesta Nacional del Surub\u00ed, el evento m\u00e1s esperado de la regi\u00f3n, que transforma a Costa Surub\u00ed \u2014sede de la Expo Goya\u2014 en el centro de la celebraci\u00f3n hasta [&hellip;]<\/p>\n","protected":false},"author":4,"featured_media":151057,"comment_status":"closed","ping_status":"closed","sticky":false,"template":"","format":"standard","meta":{"footnotes":""},"categories":[45],"tags":[],"class_list":{"0":"post-151056","1":"post","2":"type-post","3":"status-publish","4":"format-standard","5":"has-post-thumbnail","7":"category-locales"},"_links":{"self":[{"href":"https:\/\/revistaesperanzas.com\/web\/wp-json\/wp\/v2\/posts\/151056","targetHints":{"allow":["GET"]}}],"collection":[{"href":"https:\/\/revistaesperanzas.com\/web\/wp-json\/wp\/v2\/posts"}],"about":[{"href":"https:\/\/revistaesperanzas.com\/web\/wp-json\/wp\/v2\/types\/post"}],"author":[{"embeddable":true,"href":"https:\/\/revistaesperanzas.com\/web\/wp-json\/wp\/v2\/users\/4"}],"replies":[{"embeddable":true,"href":"https:\/\/revistaesperanzas.com\/web\/wp-json\/wp\/v2\/comments?post=151056"}],"version-history":[{"count":1,"href":"https:\/\/revistaesperanzas.com\/web\/wp-json\/wp\/v2\/posts\/151056\/revisions"}],"predecessor-version":[{"id":151058,"href":"https:\/\/revistaesperanzas.com\/web\/wp-json\/wp\/v2\/posts\/151056\/revisions\/151058"}],"wp:featuredmedia":[{"embeddable":true,"href":"https:\/\/revistaesperanzas.com\/web\/wp-json\/wp\/v2\/media\/151057"}],"wp:attachment":[{"href":"https:\/\/revistaesperanzas.com\/web\/wp-json\/wp\/v2\/media?parent=151056"}],"wp:term":[{"taxonomy":"category","embeddable":true,"href":"https:\/\/revistaesperanzas.com\/web\/wp-json\/wp\/v2\/categories?post=151056"},{"taxonomy":"post_tag","embeddable":true,"href":"https:\/\/revistaesperanzas.com\/web\/wp-json\/wp\/v2\/tags?post=151056"}],"curies":[{"name":"wp","href":"https:\/\/api.w.org\/{rel}","templated":true}]}}