{"id":151059,"date":"2026-05-01T09:04:30","date_gmt":"2026-05-01T12:04:30","guid":{"rendered":"https:\/\/revistaesperanzas.com\/web\/?p=151059"},"modified":"2026-05-01T09:04:30","modified_gmt":"2026-05-01T12:04:30","slug":"el-hombre-que-bautizo-al-mundial-de-pesca-la-historia-detras-de-una-denominacion-que-se-hizo-bandera","status":"publish","type":"post","link":"https:\/\/revistaesperanzas.com\/web\/2026\/05\/el-hombre-que-bautizo-al-mundial-de-pesca-la-historia-detras-de-una-denominacion-que-se-hizo-bandera\/","title":{"rendered":"EL HOMBRE QUE BAUTIZ\u00d3 AL \u201cMUNDIAL DE PESCA\u201d: LA HISTORIA DETR\u00c1S DE UNA DENOMINACI\u00d3N QUE SE HIZO BANDERA"},"content":{"rendered":"<p style=\"font-weight: 400;\">Cada a\u00f1o, Goya se transforma en el escenario de la Fiesta Nacional del Surub\u00ed. Pero desde hace a\u00f1os, hay una expresi\u00f3n que se repite entre los participantes, que aparece en redes sociales y que resume la magnitud del evento: se le llama simplemente \u201cel Mundial de Pesca\u201d. Y seg\u00fan quien lo afirma, detr\u00e1s de esta denominaci\u00f3n hay una historia personal y un entusiasmo que se convirti\u00f3 en identidad.<\/p>\n<p style=\"font-weight: 400;\">El responsable de ese nombre es Carlos Sol\u00eds, periodista oriundo de Resistencia y, sobre todo, un apasionado de la pesca que se convirti\u00f3 en figura habitual de las competencias goyanas. En declaraciones brindadas a Radio Ciudad, Sol\u00eds reivindic\u00f3 ser el creador de esa etiqueta que hoy todos usan. \u201cVine por primera vez en 2012, y ya al a\u00f1o siguiente me entusiasm\u00e9 tanto con lo que ve\u00eda que decid\u00ed usar el hashtag #MundialDePesca en mis publicaciones. Para m\u00ed, este evento ya ten\u00eda esa dimensi\u00f3n, y con el tiempo, la denominaci\u00f3n se fue extendiendo hasta quedarse\u201d, explic\u00f3.<\/p>\n<p style=\"font-weight: 400;\">Desde entonces, la frase no solo se us\u00f3 en redes: pas\u00f3 al lenguaje cotidiano de los pescadores y termin\u00f3 siendo sin\u00f3nimo de la fiesta misma. Un hito que, seg\u00fan cuenta Sol\u00eds, tuvo su primer pron\u00f3stico de crecimiento en 2015, cuando un compa\u00f1ero de pesca paraguayo dijo: \u201cEsto no tiene techo, un d\u00eda vamos a ver m\u00e1s de 1.500 embarcaciones\u201d. Hoy, esa cifra se menciona como un l\u00edmite log\u00edstico, no como una meta imposible.<\/p>\n<p style=\"font-weight: 400;\">Sol\u00eds representa a la barra \u201cDorado Rabioso\u201d, un grupo que este a\u00f1o reuni\u00f3 a unas 30 embarcaciones, con participantes de varias provincias argentinas \u2014Salta, Tucum\u00e1n, Buenos Aires\u2014 y cinco lanchas que viajaron expresamente desde Asunci\u00f3n, capital de Paraguay. \u201cEs un orgullo poder juntar a tanta gente de lugares tan distintos. Estoy convencido de que si se liberara el cupo de inscripci\u00f3n, superar\u00edamos sin problemas las 1.500 embarcaciones\u201d, asegur\u00f3. Lo que detiene el crecimiento, seg\u00fan \u00e9l, son cuestiones pr\u00e1cticas: el espacio disponible, las zonas de pesca habilitadas y la capacidad de albergar a miles de personas en la cena Clausura. Como referencia, record\u00f3 que el a\u00f1o pasado se completaron las 1.300 inscripciones en solo 15 d\u00edas.<\/p>\n<p style=\"font-weight: 400;\">Pero m\u00e1s all\u00e1 de las cifras o los desaf\u00edos log\u00edsticos, lo que Sol\u00eds resalta es el v\u00ednculo humano que genera la fiesta. Para los participantes habituales, el precio del alojamiento o de la carnada es lo de menos; ni siquiera se fijan en qui\u00e9n actuar\u00e1 en los espect\u00e1culos de apertura. Lo que esperan con verdadera ansiedad es el primer d\u00eda de competencia, el jueves, y sobre todo: el encuentro con otros pescadores.<\/p>\n<p style=\"font-weight: 400;\">\u201cHay gente que solo veo aqu\u00ed, en Goya. Son compa\u00f1eros de pasi\u00f3n a los que no encuentro en ning\u00fan otro lugar del pa\u00eds ni del vecino pa\u00eds\u201d, reflexion\u00f3. Para \u00e9l, esa es la verdadera esencia del \u201cMundial de Pesca\u201d: mucho m\u00e1s que una competencia, es el punto de reuni\u00f3n de una comunidad que comparte amor por el r\u00edo y por este evento que, gracias a una frase lanzada hace m\u00e1s muchos a\u00f1os, lleva con orgullo.-<\/p>\n","protected":false},"excerpt":{"rendered":"<p>Cada a\u00f1o, Goya se transforma en el escenario de la Fiesta Nacional del Surub\u00ed. Pero desde hace a\u00f1os, hay una expresi\u00f3n que se repite entre los participantes, que aparece en redes sociales y que resume la magnitud del evento: se le llama simplemente \u201cel Mundial de Pesca\u201d. Y seg\u00fan quien lo afirma, detr\u00e1s de esta [&hellip;]<\/p>\n","protected":false},"author":4,"featured_media":151060,"comment_status":"closed","ping_status":"closed","sticky":false,"template":"","format":"standard","meta":{"footnotes":""},"categories":[45],"tags":[],"class_list":{"0":"post-151059","1":"post","2":"type-post","3":"status-publish","4":"format-standard","5":"has-post-thumbnail","7":"category-locales"},"_links":{"self":[{"href":"https:\/\/revistaesperanzas.com\/web\/wp-json\/wp\/v2\/posts\/151059","targetHints":{"allow":["GET"]}}],"collection":[{"href":"https:\/\/revistaesperanzas.com\/web\/wp-json\/wp\/v2\/posts"}],"about":[{"href":"https:\/\/revistaesperanzas.com\/web\/wp-json\/wp\/v2\/types\/post"}],"author":[{"embeddable":true,"href":"https:\/\/revistaesperanzas.com\/web\/wp-json\/wp\/v2\/users\/4"}],"replies":[{"embeddable":true,"href":"https:\/\/revistaesperanzas.com\/web\/wp-json\/wp\/v2\/comments?post=151059"}],"version-history":[{"count":1,"href":"https:\/\/revistaesperanzas.com\/web\/wp-json\/wp\/v2\/posts\/151059\/revisions"}],"predecessor-version":[{"id":151061,"href":"https:\/\/revistaesperanzas.com\/web\/wp-json\/wp\/v2\/posts\/151059\/revisions\/151061"}],"wp:featuredmedia":[{"embeddable":true,"href":"https:\/\/revistaesperanzas.com\/web\/wp-json\/wp\/v2\/media\/151060"}],"wp:attachment":[{"href":"https:\/\/revistaesperanzas.com\/web\/wp-json\/wp\/v2\/media?parent=151059"}],"wp:term":[{"taxonomy":"category","embeddable":true,"href":"https:\/\/revistaesperanzas.com\/web\/wp-json\/wp\/v2\/categories?post=151059"},{"taxonomy":"post_tag","embeddable":true,"href":"https:\/\/revistaesperanzas.com\/web\/wp-json\/wp\/v2\/tags?post=151059"}],"curies":[{"name":"wp","href":"https:\/\/api.w.org\/{rel}","templated":true}]}}