{"id":151062,"date":"2026-05-01T09:06:09","date_gmt":"2026-05-01T12:06:09","guid":{"rendered":"https:\/\/revistaesperanzas.com\/web\/?p=151062"},"modified":"2026-05-01T09:06:09","modified_gmt":"2026-05-01T12:06:09","slug":"goya-liquida-suma-a-emprendedores-y-se-extiende-hasta-el-4-de-mayo","status":"publish","type":"post","link":"https:\/\/revistaesperanzas.com\/web\/2026\/05\/goya-liquida-suma-a-emprendedores-y-se-extiende-hasta-el-4-de-mayo\/","title":{"rendered":"\u201cGOYA LIQUIDA\u201d SUMA A EMPRENDEDORES Y SE EXTIENDE HASTA EL 4 DE MAYO"},"content":{"rendered":"<p style=\"font-weight: 400;\">El programa \u00abGoya Liquida\u00bb, destinado a impulsar la actividad comercial, ampli\u00f3 su alcance y ahora incluye tambi\u00e9n a emprendedores, en su edici\u00f3n especial que se desarrolla durante la Fiesta del Surub\u00ed. As\u00ed lo inform\u00f3 la secretaria de Industria y Comercio, Mar\u00eda Paz Lampugnani, en declaraciones a Radio Ciudad.<\/p>\n<p style=\"font-weight: 400;\">La funcionaria record\u00f3 que la propuesta naci\u00f3 solo para comerciantes, luego incorpor\u00f3 al sector gastron\u00f3mico y hoy abre sus puertas a todos quienes tienen una actividad productiva o de servicios, como una forma de acompa\u00f1ar en un contexto econ\u00f3mico complejo.<\/p>\n<p style=\"font-weight: 400;\">La iniciativa se apoya en redes sociales \u2014Instagram y Facebook\u2014, espacios muy visitados tanto por vecinos de la ciudad como por personas de otras localidades. All\u00ed, los emprendedores pueden difundir sus productos, promociones y marcas, y tambi\u00e9n se fomenta la ayuda mutua entre participantes para ganar mayor visibilidad.<\/p>\n<p style=\"font-weight: 400;\">Para que todos sepan c\u00f3mo usar estas herramientas, la directora de Promoci\u00f3n Social brindar\u00e1 asesoramiento a los mismos emprendedores. La etapa ampliada del programa estar\u00e1 disponible hasta el pr\u00f3ximo 4 de mayo.<\/p>\n","protected":false},"excerpt":{"rendered":"<p>El programa \u00abGoya Liquida\u00bb, destinado a impulsar la actividad comercial, ampli\u00f3 su alcance y ahora incluye tambi\u00e9n a emprendedores, en su edici\u00f3n especial que se desarrolla durante la Fiesta del Surub\u00ed. As\u00ed lo inform\u00f3 la secretaria de Industria y Comercio, Mar\u00eda Paz Lampugnani, en declaraciones a Radio Ciudad. La funcionaria record\u00f3 que la propuesta naci\u00f3 [&hellip;]<\/p>\n","protected":false},"author":4,"featured_media":151063,"comment_status":"closed","ping_status":"closed","sticky":false,"template":"","format":"standard","meta":{"footnotes":""},"categories":[45],"tags":[],"class_list":{"0":"post-151062","1":"post","2":"type-post","3":"status-publish","4":"format-standard","5":"has-post-thumbnail","7":"category-locales"},"_links":{"self":[{"href":"https:\/\/revistaesperanzas.com\/web\/wp-json\/wp\/v2\/posts\/151062","targetHints":{"allow":["GET"]}}],"collection":[{"href":"https:\/\/revistaesperanzas.com\/web\/wp-json\/wp\/v2\/posts"}],"about":[{"href":"https:\/\/revistaesperanzas.com\/web\/wp-json\/wp\/v2\/types\/post"}],"author":[{"embeddable":true,"href":"https:\/\/revistaesperanzas.com\/web\/wp-json\/wp\/v2\/users\/4"}],"replies":[{"embeddable":true,"href":"https:\/\/revistaesperanzas.com\/web\/wp-json\/wp\/v2\/comments?post=151062"}],"version-history":[{"count":1,"href":"https:\/\/revistaesperanzas.com\/web\/wp-json\/wp\/v2\/posts\/151062\/revisions"}],"predecessor-version":[{"id":151064,"href":"https:\/\/revistaesperanzas.com\/web\/wp-json\/wp\/v2\/posts\/151062\/revisions\/151064"}],"wp:featuredmedia":[{"embeddable":true,"href":"https:\/\/revistaesperanzas.com\/web\/wp-json\/wp\/v2\/media\/151063"}],"wp:attachment":[{"href":"https:\/\/revistaesperanzas.com\/web\/wp-json\/wp\/v2\/media?parent=151062"}],"wp:term":[{"taxonomy":"category","embeddable":true,"href":"https:\/\/revistaesperanzas.com\/web\/wp-json\/wp\/v2\/categories?post=151062"},{"taxonomy":"post_tag","embeddable":true,"href":"https:\/\/revistaesperanzas.com\/web\/wp-json\/wp\/v2\/tags?post=151062"}],"curies":[{"name":"wp","href":"https:\/\/api.w.org\/{rel}","templated":true}]}}