{"id":151065,"date":"2026-05-01T09:09:40","date_gmt":"2026-05-01T12:09:40","guid":{"rendered":"https:\/\/revistaesperanzas.com\/web\/?p=151065"},"modified":"2026-05-01T09:09:40","modified_gmt":"2026-05-01T12:09:40","slug":"presentacion-de-libro-2","status":"publish","type":"post","link":"https:\/\/revistaesperanzas.com\/web\/2026\/05\/presentacion-de-libro-2\/","title":{"rendered":"PRESENTACI\u00d3N DE LIBRO"},"content":{"rendered":"<p style=\"font-weight: 400;\">El viernes, en el sector de los pescadores se har\u00e1 la presentaci\u00f3n del libro autor\u00eda de Luc\u00eda Ben\u00edtez y Valentina Gianotti, titulado \u201cCon la Ca\u00f1a en la Mano y el Coraz\u00f3n en el R\u00edo\u201d.<\/p>\n<p style=\"font-weight: 400;\">La invitaci\u00f3n a participar est\u00e1 dirigida a pescadores, prensa y p\u00fablico en general; y est\u00e1 fijada para las 19 horas.<\/p>\n<p style=\"font-weight: 400;\">En la ocasi\u00f3n, las autoras presentar\u00e1n su obra que versa sobre el camino a tres d\u00e9cadas de historia con la ca\u00f1a en la mano y el coraz\u00f3n en el r\u00edo.<\/p>\n<p style=\"font-weight: 400;\">La convocatoria desde la Municipalidad y la\u00a0<a href=\"http:\/\/co.mu.pe\/\" data-saferedirecturl=\"https:\/\/www.google.com\/url?q=http:\/\/co.mu.pe\/&amp;source=gmail&amp;ust=1777722397206000&amp;usg=AOvVaw1DU9ytNw16zAHrnHtW9tCp\">CO.MU.PE<\/a>\u00a0es para el viernes 1 de mayo a las 19 horas, en el living de los pescadores.<\/p>\n","protected":false},"excerpt":{"rendered":"<p>El viernes, en el sector de los pescadores se har\u00e1 la presentaci\u00f3n del libro autor\u00eda de Luc\u00eda Ben\u00edtez y Valentina Gianotti, titulado \u201cCon la Ca\u00f1a en la Mano y el Coraz\u00f3n en el R\u00edo\u201d. La invitaci\u00f3n a participar est\u00e1 dirigida a pescadores, prensa y p\u00fablico en general; y est\u00e1 fijada para las 19 horas. En [&hellip;]<\/p>\n","protected":false},"author":4,"featured_media":151066,"comment_status":"closed","ping_status":"closed","sticky":false,"template":"","format":"standard","meta":{"footnotes":""},"categories":[45],"tags":[],"class_list":{"0":"post-151065","1":"post","2":"type-post","3":"status-publish","4":"format-standard","5":"has-post-thumbnail","7":"category-locales"},"_links":{"self":[{"href":"https:\/\/revistaesperanzas.com\/web\/wp-json\/wp\/v2\/posts\/151065","targetHints":{"allow":["GET"]}}],"collection":[{"href":"https:\/\/revistaesperanzas.com\/web\/wp-json\/wp\/v2\/posts"}],"about":[{"href":"https:\/\/revistaesperanzas.com\/web\/wp-json\/wp\/v2\/types\/post"}],"author":[{"embeddable":true,"href":"https:\/\/revistaesperanzas.com\/web\/wp-json\/wp\/v2\/users\/4"}],"replies":[{"embeddable":true,"href":"https:\/\/revistaesperanzas.com\/web\/wp-json\/wp\/v2\/comments?post=151065"}],"version-history":[{"count":1,"href":"https:\/\/revistaesperanzas.com\/web\/wp-json\/wp\/v2\/posts\/151065\/revisions"}],"predecessor-version":[{"id":151067,"href":"https:\/\/revistaesperanzas.com\/web\/wp-json\/wp\/v2\/posts\/151065\/revisions\/151067"}],"wp:featuredmedia":[{"embeddable":true,"href":"https:\/\/revistaesperanzas.com\/web\/wp-json\/wp\/v2\/media\/151066"}],"wp:attachment":[{"href":"https:\/\/revistaesperanzas.com\/web\/wp-json\/wp\/v2\/media?parent=151065"}],"wp:term":[{"taxonomy":"category","embeddable":true,"href":"https:\/\/revistaesperanzas.com\/web\/wp-json\/wp\/v2\/categories?post=151065"},{"taxonomy":"post_tag","embeddable":true,"href":"https:\/\/revistaesperanzas.com\/web\/wp-json\/wp\/v2\/tags?post=151065"}],"curies":[{"name":"wp","href":"https:\/\/api.w.org\/{rel}","templated":true}]}}