{"id":151069,"date":"2026-05-01T18:29:56","date_gmt":"2026-05-01T21:29:56","guid":{"rendered":"https:\/\/revistaesperanzas.com\/web\/?p=151069"},"modified":"2026-05-01T18:29:56","modified_gmt":"2026-05-01T21:29:56","slug":"instituto-san-martin-los-ninos-del-nivel-inicial-palpitan-el-mundial-de-pesca","status":"publish","type":"post","link":"https:\/\/revistaesperanzas.com\/web\/2026\/05\/instituto-san-martin-los-ninos-del-nivel-inicial-palpitan-el-mundial-de-pesca\/","title":{"rendered":"Instituto San Mart\u00edn   LOS NI\u00d1OS DEL NIVEL INICIAL PALPITAN EL MUNDIAL DE PESCA"},"content":{"rendered":"<p style=\"font-weight: 400;\">En el nivel inicial del instituto San Mart\u00edn la Fiesta Nacional del Surub\u00ed se ha vivido como una celebraci\u00f3n nuestra, que ti\u00f1e de emoci\u00f3n, color y orgullo cada rinc\u00f3n de Goya.<a href=\"https:\/\/revistaesperanzas.com\/web\/2026\/05\/instituto-san-martin-los-ninos-del-nivel-inicial-palpitan-el-mundial-de-pesca\/fns-en-el-nivel-inicial-del-instituto-san-martin-1\/\" rel=\"attachment wp-att-151071\"><img loading=\"lazy\" decoding=\"async\" class=\" wp-image-151071 alignleft\" src=\"https:\/\/revistaesperanzas.com\/web\/wp-content\/uploads\/2026\/05\/FNS-en-el-nivel-inicial-del-Instituto-San-Martin-1.jpg\" alt=\"\" width=\"551\" height=\"386\" srcset=\"https:\/\/revistaesperanzas.com\/web\/wp-content\/uploads\/2026\/05\/FNS-en-el-nivel-inicial-del-Instituto-San-Martin-1.jpg 600w, https:\/\/revistaesperanzas.com\/web\/wp-content\/uploads\/2026\/05\/FNS-en-el-nivel-inicial-del-Instituto-San-Martin-1-100x70.jpg 100w\" sizes=\"auto, (max-width: 551px) 100vw, 551px\" \/><\/a><\/p>\n<p style=\"font-weight: 400;\">El surub\u00ed no es solo un pez, para los goyanos es s\u00edmbolo de identidad, de r\u00edo, de familia, de encuentro. Es aprender que nuestras tradiciones se cuidan y se pasan de generaci\u00f3n en generaci\u00f3n.<\/p>\n<p style=\"font-weight: 400;\">En la jornada del jueves, los \u201cjardineros\u201d no solo participaron de una actividad l\u00fadica-educativa, sino que se han convertido en \u201cprotagonistas\u201d al brillar en sus ojos el amor por el r\u00edo y por nuestra cultura.<\/p>\n<p style=\"font-weight: 400;\">Desde el equipo de Conducci\u00f3n del establecimiento educativo, a modo celebrativo<a href=\"https:\/\/revistaesperanzas.com\/web\/2026\/05\/instituto-san-martin-los-ninos-del-nivel-inicial-palpitan-el-mundial-de-pesca\/fns-en-el-nivel-inicial-del-instituto-san-martin-3\/\" rel=\"attachment wp-att-151072\"><img loading=\"lazy\" decoding=\"async\" class=\" wp-image-151072 alignright\" src=\"https:\/\/revistaesperanzas.com\/web\/wp-content\/uploads\/2026\/05\/FNS-en-el-nivel-inicial-del-Instituto-San-Martin-3.jpg\" alt=\"\" width=\"550\" height=\"385\" srcset=\"https:\/\/revistaesperanzas.com\/web\/wp-content\/uploads\/2026\/05\/FNS-en-el-nivel-inicial-del-Instituto-San-Martin-3.jpg 600w, https:\/\/revistaesperanzas.com\/web\/wp-content\/uploads\/2026\/05\/FNS-en-el-nivel-inicial-del-Instituto-San-Martin-3-100x70.jpg 100w\" sizes=\"auto, (max-width: 550px) 100vw, 550px\" \/><\/a> manifestaron: \u00a1Viva nuestra fiesta! \u00a1Viva Goya! \u00a1Y que viva la infancia que crece con nuestras ra\u00edces! Y agradecieron a toda la comunidad educativa por el acompa\u00f1amiento a los peque\u00f1os.<\/p>\n","protected":false},"excerpt":{"rendered":"<p>En el nivel inicial del instituto San Mart\u00edn la Fiesta Nacional del Surub\u00ed se ha vivido como una celebraci\u00f3n nuestra, que ti\u00f1e de emoci\u00f3n, color y orgullo cada rinc\u00f3n de Goya. El surub\u00ed no es solo un pez, para los goyanos es s\u00edmbolo de identidad, de r\u00edo, de familia, de encuentro. Es aprender que nuestras [&hellip;]<\/p>\n","protected":false},"author":4,"featured_media":151070,"comment_status":"closed","ping_status":"closed","sticky":false,"template":"","format":"standard","meta":{"footnotes":""},"categories":[45],"tags":[],"class_list":{"0":"post-151069","1":"post","2":"type-post","3":"status-publish","4":"format-standard","5":"has-post-thumbnail","7":"category-locales"},"_links":{"self":[{"href":"https:\/\/revistaesperanzas.com\/web\/wp-json\/wp\/v2\/posts\/151069","targetHints":{"allow":["GET"]}}],"collection":[{"href":"https:\/\/revistaesperanzas.com\/web\/wp-json\/wp\/v2\/posts"}],"about":[{"href":"https:\/\/revistaesperanzas.com\/web\/wp-json\/wp\/v2\/types\/post"}],"author":[{"embeddable":true,"href":"https:\/\/revistaesperanzas.com\/web\/wp-json\/wp\/v2\/users\/4"}],"replies":[{"embeddable":true,"href":"https:\/\/revistaesperanzas.com\/web\/wp-json\/wp\/v2\/comments?post=151069"}],"version-history":[{"count":2,"href":"https:\/\/revistaesperanzas.com\/web\/wp-json\/wp\/v2\/posts\/151069\/revisions"}],"predecessor-version":[{"id":151074,"href":"https:\/\/revistaesperanzas.com\/web\/wp-json\/wp\/v2\/posts\/151069\/revisions\/151074"}],"wp:featuredmedia":[{"embeddable":true,"href":"https:\/\/revistaesperanzas.com\/web\/wp-json\/wp\/v2\/media\/151070"}],"wp:attachment":[{"href":"https:\/\/revistaesperanzas.com\/web\/wp-json\/wp\/v2\/media?parent=151069"}],"wp:term":[{"taxonomy":"category","embeddable":true,"href":"https:\/\/revistaesperanzas.com\/web\/wp-json\/wp\/v2\/categories?post=151069"},{"taxonomy":"post_tag","embeddable":true,"href":"https:\/\/revistaesperanzas.com\/web\/wp-json\/wp\/v2\/tags?post=151069"}],"curies":[{"name":"wp","href":"https:\/\/api.w.org\/{rel}","templated":true}]}}