{"id":151075,"date":"2026-05-01T18:35:46","date_gmt":"2026-05-01T21:35:46","guid":{"rendered":"https:\/\/revistaesperanzas.com\/web\/?p=151075"},"modified":"2026-05-01T18:35:46","modified_gmt":"2026-05-01T21:35:46","slug":"bichitos-traviesos-semillero-de-la-barra-pesquera-de-lujan","status":"publish","type":"post","link":"https:\/\/revistaesperanzas.com\/web\/2026\/05\/bichitos-traviesos-semillero-de-la-barra-pesquera-de-lujan\/","title":{"rendered":"Bichitos Traviesos  SEMILLERO DE LA BARRA PESQUERA DE LUJ\u00c1N"},"content":{"rendered":"<p style=\"font-weight: 400;\"><a href=\"https:\/\/revistaesperanzas.com\/web\/2026\/05\/bichitos-traviesos-semillero-de-la-barra-pesquera-de-lujan\/whatsapp-image-2026-04-30-at-12-55-49\/\" rel=\"attachment wp-att-151077\"><img loading=\"lazy\" decoding=\"async\" class=\" wp-image-151077 alignright\" src=\"https:\/\/revistaesperanzas.com\/web\/wp-content\/uploads\/2026\/05\/WhatsApp-Image-2026-04-30-at-12.55.49.jpeg\" alt=\"\" width=\"450\" height=\"299\" \/><\/a>La barra pesquera de Luj\u00e1n y el Jard\u00edn Maternal Bichitos Traviesos volvieron a reeditar su encuentro y, en un marco de mucho color y algarab\u00eda, concretaron al final, una caravana compartida que dej\u00f3 a las claras por qu\u00e9 Goya es capital de la amistad.<\/p>\n<p style=\"font-weight: 400;\">Como en a\u00f1os anteriores, los pescadores de Luj\u00e1n llegaron hasta la calle Belgrano al 637, lugar donde se emplaza el<a href=\"https:\/\/revistaesperanzas.com\/web\/2026\/05\/bichitos-traviesos-semillero-de-la-barra-pesquera-de-lujan\/whatsapp-image-2026-04-30-at-12-51-10-5\/\" rel=\"attachment wp-att-151078\"><img loading=\"lazy\" decoding=\"async\" class=\" wp-image-151078 alignleft\" src=\"https:\/\/revistaesperanzas.com\/web\/wp-content\/uploads\/2026\/05\/WhatsApp-Image-2026-04-30-at-12.51.10-5.jpeg\" alt=\"\" width=\"450\" height=\"299\" \/><\/a> citado jard\u00edn maternal, y una vez all\u00ed se dieron tiempo para compartir con los ni\u00f1os, sus familias y cuerpo docente, un momento cargado de emoci\u00f3n y energ\u00edas positivas.<\/p>\n<p style=\"font-weight: 400;\">Con mucho cotill\u00f3n, el jard\u00edn ti\u00f1\u00f3 de amarillo el lugar. La batucada puso ritmo en la bienvenida. En tanto, los padres y\/o tutores ofrecieron diversos refrigerios y recuerdos a los pescadores, en nombre<a href=\"https:\/\/revistaesperanzas.com\/web\/2026\/05\/bichitos-traviesos-semillero-de-la-barra-pesquera-de-lujan\/whatsapp-image-2026-04-30-at-12-51-10-4\/\" rel=\"attachment wp-att-151079\"><img loading=\"lazy\" decoding=\"async\" class=\" wp-image-151079 alignright\" src=\"https:\/\/revistaesperanzas.com\/web\/wp-content\/uploads\/2026\/05\/WhatsApp-Image-2026-04-30-at-12.51.10-4.jpeg\" alt=\"\" width=\"450\" height=\"299\" \/><\/a> de lo que una tutora denomin\u00f3 el \u201csemillero de la barra pesquera de Luj\u00e1n\u201d.<\/p>\n<p style=\"font-weight: 400;\">A modo de cierre, concretaron una caravana por las calles c\u00e9ntricas, contagiando alegr\u00eda a su paso. Al pasar frente al edificio municipal, el bullicio llam\u00f3 a muchos de los que all\u00ed ocasionalmente estaban, y al ver de qu\u00e9 se trataba, se sumaron a la bienvenida a los pescadores. Efecto<a href=\"https:\/\/revistaesperanzas.com\/web\/2026\/05\/bichitos-traviesos-semillero-de-la-barra-pesquera-de-lujan\/whatsapp-image-2026-04-30-at-13-06-59-3\/\" rel=\"attachment wp-att-151080\"><img loading=\"lazy\" decoding=\"async\" class=\" wp-image-151080 alignleft\" src=\"https:\/\/revistaesperanzas.com\/web\/wp-content\/uploads\/2026\/05\/WhatsApp-Image-2026-04-30-at-13.06.59-3.jpeg\" alt=\"\" width=\"450\" height=\"321\" srcset=\"https:\/\/revistaesperanzas.com\/web\/wp-content\/uploads\/2026\/05\/WhatsApp-Image-2026-04-30-at-13.06.59-3.jpeg 600w, https:\/\/revistaesperanzas.com\/web\/wp-content\/uploads\/2026\/05\/WhatsApp-Image-2026-04-30-at-13.06.59-3-589x420.jpeg 589w, https:\/\/revistaesperanzas.com\/web\/wp-content\/uploads\/2026\/05\/WhatsApp-Image-2026-04-30-at-13.06.59-3-100x70.jpeg 100w\" sizes=\"auto, (max-width: 450px) 100vw, 450px\" \/><\/a> multiplicador que fue registr\u00e1ndose a medida que avanzaba la columna de \u201cbichitos traviesos\u201d y \u201cpescadores agradecidos\u201d.<\/p>\n<p style=\"font-weight: 400;\">La actividad se desarroll\u00f3 con normalidad y en un marco de total seguridad, gracias al servicio de la Direcci\u00f3n de Tr\u00e1nsito que posibilit\u00f3 el desplazamiento de los protagonistas de la ma\u00f1ana de este jueves 30 de abril. <a href=\"https:\/\/revistaesperanzas.com\/web\/2026\/05\/bichitos-traviesos-semillero-de-la-barra-pesquera-de-lujan\/whatsapp-image-2026-04-30-at-13-06-59-1\/\" rel=\"attachment wp-att-151081\"><img loading=\"lazy\" decoding=\"async\" class=\" wp-image-151081 alignright\" src=\"https:\/\/revistaesperanzas.com\/web\/wp-content\/uploads\/2026\/05\/WhatsApp-Image-2026-04-30-at-13.06.59-1.jpeg\" alt=\"\" width=\"450\" height=\"321\" srcset=\"https:\/\/revistaesperanzas.com\/web\/wp-content\/uploads\/2026\/05\/WhatsApp-Image-2026-04-30-at-13.06.59-1.jpeg 600w, https:\/\/revistaesperanzas.com\/web\/wp-content\/uploads\/2026\/05\/WhatsApp-Image-2026-04-30-at-13.06.59-1-589x420.jpeg 589w, https:\/\/revistaesperanzas.com\/web\/wp-content\/uploads\/2026\/05\/WhatsApp-Image-2026-04-30-at-13.06.59-1-100x70.jpeg 100w\" sizes=\"auto, (max-width: 450px) 100vw, 450px\" \/><\/a><\/p>\n","protected":false},"excerpt":{"rendered":"<p>La barra pesquera de Luj\u00e1n y el Jard\u00edn Maternal Bichitos Traviesos volvieron a reeditar su encuentro y, en un marco de mucho color y algarab\u00eda, concretaron al final, una caravana compartida que dej\u00f3 a las claras por qu\u00e9 Goya es capital de la amistad. Como en a\u00f1os anteriores, los pescadores de Luj\u00e1n llegaron hasta la [&hellip;]<\/p>\n","protected":false},"author":4,"featured_media":151076,"comment_status":"closed","ping_status":"closed","sticky":false,"template":"","format":"standard","meta":{"footnotes":""},"categories":[45],"tags":[],"class_list":{"0":"post-151075","1":"post","2":"type-post","3":"status-publish","4":"format-standard","5":"has-post-thumbnail","7":"category-locales"},"_links":{"self":[{"href":"https:\/\/revistaesperanzas.com\/web\/wp-json\/wp\/v2\/posts\/151075","targetHints":{"allow":["GET"]}}],"collection":[{"href":"https:\/\/revistaesperanzas.com\/web\/wp-json\/wp\/v2\/posts"}],"about":[{"href":"https:\/\/revistaesperanzas.com\/web\/wp-json\/wp\/v2\/types\/post"}],"author":[{"embeddable":true,"href":"https:\/\/revistaesperanzas.com\/web\/wp-json\/wp\/v2\/users\/4"}],"replies":[{"embeddable":true,"href":"https:\/\/revistaesperanzas.com\/web\/wp-json\/wp\/v2\/comments?post=151075"}],"version-history":[{"count":2,"href":"https:\/\/revistaesperanzas.com\/web\/wp-json\/wp\/v2\/posts\/151075\/revisions"}],"predecessor-version":[{"id":151083,"href":"https:\/\/revistaesperanzas.com\/web\/wp-json\/wp\/v2\/posts\/151075\/revisions\/151083"}],"wp:featuredmedia":[{"embeddable":true,"href":"https:\/\/revistaesperanzas.com\/web\/wp-json\/wp\/v2\/media\/151076"}],"wp:attachment":[{"href":"https:\/\/revistaesperanzas.com\/web\/wp-json\/wp\/v2\/media?parent=151075"}],"wp:term":[{"taxonomy":"category","embeddable":true,"href":"https:\/\/revistaesperanzas.com\/web\/wp-json\/wp\/v2\/categories?post=151075"},{"taxonomy":"post_tag","embeddable":true,"href":"https:\/\/revistaesperanzas.com\/web\/wp-json\/wp\/v2\/tags?post=151075"}],"curies":[{"name":"wp","href":"https:\/\/api.w.org\/{rel}","templated":true}]}}