{"id":151084,"date":"2026-05-01T18:39:43","date_gmt":"2026-05-01T21:39:43","guid":{"rendered":"https:\/\/revistaesperanzas.com\/web\/?p=151084"},"modified":"2026-05-01T18:39:43","modified_gmt":"2026-05-01T21:39:43","slug":"expo-feria-en-plaza-mitre","status":"publish","type":"post","link":"https:\/\/revistaesperanzas.com\/web\/2026\/05\/expo-feria-en-plaza-mitre\/","title":{"rendered":"EXPO FERIA EN PLAZA MITRE"},"content":{"rendered":"<p style=\"font-weight: 400;\">Otra de las opciones para conocer productos y trabajos de feriantes, artesanos y emprendedores, es la plaza Mitre. Espacio p\u00fablico que desde el jueves ha incorporado la<a href=\"https:\/\/revistaesperanzas.com\/web\/2026\/05\/expo-feria-en-plaza-mitre\/expo-feria-plaza-mitre-ilustracion\/\" rel=\"attachment wp-att-151086\"><img loading=\"lazy\" decoding=\"async\" class=\" wp-image-151086 alignleft\" src=\"https:\/\/revistaesperanzas.com\/web\/wp-content\/uploads\/2026\/05\/expo-feria-plaza-mitre-ilustracion.jpg\" alt=\"\" width=\"500\" height=\"350\" srcset=\"https:\/\/revistaesperanzas.com\/web\/wp-content\/uploads\/2026\/05\/expo-feria-plaza-mitre-ilustracion.jpg 600w, https:\/\/revistaesperanzas.com\/web\/wp-content\/uploads\/2026\/05\/expo-feria-plaza-mitre-ilustracion-100x70.jpg 100w\" sizes=\"auto, (max-width: 500px) 100vw, 500px\" \/><\/a> presentaci\u00f3n de n\u00fameros art\u00edsticos.<\/p>\n<p style=\"font-weight: 400;\">En relaci\u00f3n a la grilla art\u00edstica, este viernes 1 de mayo, desde las 16 horas, estar\u00e1n actuando \u201cKiki\u201d Scagliotti junto a Rub\u00e9n Olmedo, Danzas Cristianas a cargo de la Congregaci\u00f3n Pasi\u00f3n por las Almas, \u201cTuky\u201d Ortiz, Danzas Folcl\u00f3ricas a cargo del Grupo Remanso Guaran\u00ed; Urdapilleta Trio y el cierre a cargo del Centro Cristiano Vida a las Naciones con la representaci\u00f3n de una obra de teatro.<\/p>\n","protected":false},"excerpt":{"rendered":"<p>Otra de las opciones para conocer productos y trabajos de feriantes, artesanos y emprendedores, es la plaza Mitre. Espacio p\u00fablico que desde el jueves ha incorporado la presentaci\u00f3n de n\u00fameros art\u00edsticos. En relaci\u00f3n a la grilla art\u00edstica, este viernes 1 de mayo, desde las 16 horas, estar\u00e1n actuando \u201cKiki\u201d Scagliotti junto a Rub\u00e9n Olmedo, Danzas [&hellip;]<\/p>\n","protected":false},"author":4,"featured_media":151085,"comment_status":"closed","ping_status":"closed","sticky":false,"template":"","format":"standard","meta":{"footnotes":""},"categories":[45],"tags":[],"class_list":{"0":"post-151084","1":"post","2":"type-post","3":"status-publish","4":"format-standard","5":"has-post-thumbnail","7":"category-locales"},"_links":{"self":[{"href":"https:\/\/revistaesperanzas.com\/web\/wp-json\/wp\/v2\/posts\/151084","targetHints":{"allow":["GET"]}}],"collection":[{"href":"https:\/\/revistaesperanzas.com\/web\/wp-json\/wp\/v2\/posts"}],"about":[{"href":"https:\/\/revistaesperanzas.com\/web\/wp-json\/wp\/v2\/types\/post"}],"author":[{"embeddable":true,"href":"https:\/\/revistaesperanzas.com\/web\/wp-json\/wp\/v2\/users\/4"}],"replies":[{"embeddable":true,"href":"https:\/\/revistaesperanzas.com\/web\/wp-json\/wp\/v2\/comments?post=151084"}],"version-history":[{"count":2,"href":"https:\/\/revistaesperanzas.com\/web\/wp-json\/wp\/v2\/posts\/151084\/revisions"}],"predecessor-version":[{"id":151088,"href":"https:\/\/revistaesperanzas.com\/web\/wp-json\/wp\/v2\/posts\/151084\/revisions\/151088"}],"wp:featuredmedia":[{"embeddable":true,"href":"https:\/\/revistaesperanzas.com\/web\/wp-json\/wp\/v2\/media\/151085"}],"wp:attachment":[{"href":"https:\/\/revistaesperanzas.com\/web\/wp-json\/wp\/v2\/media?parent=151084"}],"wp:term":[{"taxonomy":"category","embeddable":true,"href":"https:\/\/revistaesperanzas.com\/web\/wp-json\/wp\/v2\/categories?post=151084"},{"taxonomy":"post_tag","embeddable":true,"href":"https:\/\/revistaesperanzas.com\/web\/wp-json\/wp\/v2\/tags?post=151084"}],"curies":[{"name":"wp","href":"https:\/\/api.w.org\/{rel}","templated":true}]}}