{"id":151089,"date":"2026-05-01T18:43:55","date_gmt":"2026-05-01T21:43:55","guid":{"rendered":"https:\/\/revistaesperanzas.com\/web\/?p=151089"},"modified":"2026-05-01T18:43:55","modified_gmt":"2026-05-01T21:43:55","slug":"cuidar-los-recursos-naturales","status":"publish","type":"post","link":"https:\/\/revistaesperanzas.com\/web\/2026\/05\/cuidar-los-recursos-naturales\/","title":{"rendered":"CUIDAR LOS RECURSOS NATURALES"},"content":{"rendered":"<p style=\"font-weight: 400;\">Compromiso con el cuidado ambiental<a href=\"https:\/\/revistaesperanzas.com\/web\/2026\/05\/cuidar-los-recursos-naturales\/suleta-de-alevines-en-playa-el-inga-3\/\" rel=\"attachment wp-att-151092\"><img loading=\"lazy\" decoding=\"async\" class=\" wp-image-151092 alignleft\" src=\"https:\/\/revistaesperanzas.com\/web\/wp-content\/uploads\/2026\/05\/suleta-de-alevines-en-Playa-el-Inga-3.jpg\" alt=\"\" width=\"500\" height=\"331\" \/><\/a><\/p>\n<p style=\"font-weight: 400;\">En la tarde del jueves en playa El Inga, el intendente Mariano Hormaechea junto al gobernador de la Provincia Juan Pablo Vald\u00e9s, acompa\u00f1ados de un gran n\u00famero de voluntarios, procedieron a la suelta de 5.000 alevines.<a href=\"https:\/\/revistaesperanzas.com\/web\/2026\/05\/cuidar-los-recursos-naturales\/suleta-de-alevines-en-playa-el-inga-1\/\" rel=\"attachment wp-att-151093\"><img loading=\"lazy\" decoding=\"async\" class=\" wp-image-151093 alignright\" src=\"https:\/\/revistaesperanzas.com\/web\/wp-content\/uploads\/2026\/05\/suleta-de-alevines-en-Playa-el-Inga-1.jpg\" alt=\"\" width=\"500\" height=\"331\" \/><\/a><\/p>\n<p style=\"font-weight: 400;\">Sin dudas, para cuidar el futuro es necesario cuidar el r\u00edo y preservar la especie de surub\u00ed, y esta es una acci\u00f3n que refleja compromiso con el cuidado del ambiente y la preservaci\u00f3n de nuestros recursos naturales.<\/p>\n<p style=\"font-weight: 400;\">El jefe comunal desde sus redes explic\u00f3: \u201cCada vida que vuelve al r\u00edo es una apuesta al equilibrio, a la sustentabilidad y a las futuras generaciones.<\/p>\n<p style=\"font-weight: 400;\">\u00a1Cuidar el r\u00edo es defender nuestra identidad!<\/p>\n","protected":false},"excerpt":{"rendered":"<p>Compromiso con el cuidado ambiental En la tarde del jueves en playa El Inga, el intendente Mariano Hormaechea junto al gobernador de la Provincia Juan Pablo Vald\u00e9s, acompa\u00f1ados de un gran n\u00famero de voluntarios, procedieron a la suelta de 5.000 alevines. Sin dudas, para cuidar el futuro es necesario cuidar el r\u00edo y preservar la [&hellip;]<\/p>\n","protected":false},"author":4,"featured_media":151091,"comment_status":"closed","ping_status":"closed","sticky":false,"template":"","format":"standard","meta":{"footnotes":""},"categories":[45],"tags":[],"class_list":{"0":"post-151089","1":"post","2":"type-post","3":"status-publish","4":"format-standard","5":"has-post-thumbnail","7":"category-locales"},"_links":{"self":[{"href":"https:\/\/revistaesperanzas.com\/web\/wp-json\/wp\/v2\/posts\/151089","targetHints":{"allow":["GET"]}}],"collection":[{"href":"https:\/\/revistaesperanzas.com\/web\/wp-json\/wp\/v2\/posts"}],"about":[{"href":"https:\/\/revistaesperanzas.com\/web\/wp-json\/wp\/v2\/types\/post"}],"author":[{"embeddable":true,"href":"https:\/\/revistaesperanzas.com\/web\/wp-json\/wp\/v2\/users\/4"}],"replies":[{"embeddable":true,"href":"https:\/\/revistaesperanzas.com\/web\/wp-json\/wp\/v2\/comments?post=151089"}],"version-history":[{"count":2,"href":"https:\/\/revistaesperanzas.com\/web\/wp-json\/wp\/v2\/posts\/151089\/revisions"}],"predecessor-version":[{"id":151095,"href":"https:\/\/revistaesperanzas.com\/web\/wp-json\/wp\/v2\/posts\/151089\/revisions\/151095"}],"wp:featuredmedia":[{"embeddable":true,"href":"https:\/\/revistaesperanzas.com\/web\/wp-json\/wp\/v2\/media\/151091"}],"wp:attachment":[{"href":"https:\/\/revistaesperanzas.com\/web\/wp-json\/wp\/v2\/media?parent=151089"}],"wp:term":[{"taxonomy":"category","embeddable":true,"href":"https:\/\/revistaesperanzas.com\/web\/wp-json\/wp\/v2\/categories?post=151089"},{"taxonomy":"post_tag","embeddable":true,"href":"https:\/\/revistaesperanzas.com\/web\/wp-json\/wp\/v2\/tags?post=151089"}],"curies":[{"name":"wp","href":"https:\/\/api.w.org\/{rel}","templated":true}]}}