{"id":151099,"date":"2026-05-01T19:13:18","date_gmt":"2026-05-01T22:13:18","guid":{"rendered":"https:\/\/revistaesperanzas.com\/web\/?p=151099"},"modified":"2026-05-01T19:13:18","modified_gmt":"2026-05-01T22:13:18","slug":"presentacion-de-la-marca-reserva-isoro","status":"publish","type":"post","link":"https:\/\/revistaesperanzas.com\/web\/2026\/05\/presentacion-de-la-marca-reserva-isoro\/","title":{"rendered":"PRESENTACI\u00d3N DE LA MARCA \u201cRESERVA ISORO\u201d"},"content":{"rendered":"<p style=\"font-weight: 400;\">Este viernes a las 20 horas, en el Stand Goya: Sector de Pescadores, en el Multiespacio Ferial Costa Surub\u00ed se invita a la presentaci\u00f3n de la marca Reserva Isor\u00f3.<\/p>\n<p style=\"font-weight: 400;\">Un paso importante para proyectar el futuro de Goya.<\/p>\n<p style=\"font-weight: 400;\">De la mencionada presentaci\u00f3n participaron\u00a0el intendente Mariano Hormaechea, el senador provincial Ignacio Osella, el presidente de\u00a0<a href=\"http:\/\/co.mu.pe\/\" data-saferedirecturl=\"https:\/\/www.google.com\/url?q=http:\/\/CO.MU.PE&amp;source=gmail&amp;ust=1777756872503000&amp;usg=AOvVaw2Y_87pGgeE32gvKEO10SAY\">CO.MU.PE<\/a>\u00a0 Ra\u00fal \u201cBuki\u201d Gonz\u00e1lez Vilas y el secretario de Turismo y vicepresidente de\u00a0<a href=\"http:\/\/co.mu\/\" data-saferedirecturl=\"https:\/\/www.google.com\/url?q=http:\/\/CO.MU&amp;source=gmail&amp;ust=1777756872503000&amp;usg=AOvVaw14lraR3M9gZAJyNemqsmy4\">CO.MU<\/a>. PE\u00a0 Sebasti\u00e1n Candia de Biasio, compartiendo la visi\u00f3n de este espacio natural, clave para el desarrollo del turismo en la ciudad.<\/p>\n<p style=\"font-weight: 400;\">La invitaci\u00f3n est\u00e1 destinada para barras pesqueras, prestadores de servicios tur\u00edsticos, periodistas y p\u00fablico en general<\/p>\n<p style=\"font-weight: 400;\">El r\u00edo nos une y el Mundial de Pesca nos vuelve a encontrar.<\/p>\n","protected":false},"excerpt":{"rendered":"<p>Este viernes a las 20 horas, en el Stand Goya: Sector de Pescadores, en el Multiespacio Ferial Costa Surub\u00ed se invita a la presentaci\u00f3n de la marca Reserva Isor\u00f3. Un paso importante para proyectar el futuro de Goya. De la mencionada presentaci\u00f3n participaron\u00a0el intendente Mariano Hormaechea, el senador provincial Ignacio Osella, el presidente de\u00a0CO.MU.PE\u00a0 Ra\u00fal [&hellip;]<\/p>\n","protected":false},"author":4,"featured_media":151100,"comment_status":"closed","ping_status":"closed","sticky":false,"template":"","format":"standard","meta":{"footnotes":""},"categories":[45],"tags":[],"class_list":{"0":"post-151099","1":"post","2":"type-post","3":"status-publish","4":"format-standard","5":"has-post-thumbnail","7":"category-locales"},"_links":{"self":[{"href":"https:\/\/revistaesperanzas.com\/web\/wp-json\/wp\/v2\/posts\/151099","targetHints":{"allow":["GET"]}}],"collection":[{"href":"https:\/\/revistaesperanzas.com\/web\/wp-json\/wp\/v2\/posts"}],"about":[{"href":"https:\/\/revistaesperanzas.com\/web\/wp-json\/wp\/v2\/types\/post"}],"author":[{"embeddable":true,"href":"https:\/\/revistaesperanzas.com\/web\/wp-json\/wp\/v2\/users\/4"}],"replies":[{"embeddable":true,"href":"https:\/\/revistaesperanzas.com\/web\/wp-json\/wp\/v2\/comments?post=151099"}],"version-history":[{"count":1,"href":"https:\/\/revistaesperanzas.com\/web\/wp-json\/wp\/v2\/posts\/151099\/revisions"}],"predecessor-version":[{"id":151101,"href":"https:\/\/revistaesperanzas.com\/web\/wp-json\/wp\/v2\/posts\/151099\/revisions\/151101"}],"wp:featuredmedia":[{"embeddable":true,"href":"https:\/\/revistaesperanzas.com\/web\/wp-json\/wp\/v2\/media\/151100"}],"wp:attachment":[{"href":"https:\/\/revistaesperanzas.com\/web\/wp-json\/wp\/v2\/media?parent=151099"}],"wp:term":[{"taxonomy":"category","embeddable":true,"href":"https:\/\/revistaesperanzas.com\/web\/wp-json\/wp\/v2\/categories?post=151099"},{"taxonomy":"post_tag","embeddable":true,"href":"https:\/\/revistaesperanzas.com\/web\/wp-json\/wp\/v2\/tags?post=151099"}],"curies":[{"name":"wp","href":"https:\/\/api.w.org\/{rel}","templated":true}]}}