{"id":151102,"date":"2026-05-01T19:15:52","date_gmt":"2026-05-01T22:15:52","guid":{"rendered":"https:\/\/revistaesperanzas.com\/web\/?p=151102"},"modified":"2026-05-01T19:15:52","modified_gmt":"2026-05-01T22:15:52","slug":"balcon-al-rio-para-el-mundial-de-pesca","status":"publish","type":"post","link":"https:\/\/revistaesperanzas.com\/web\/2026\/05\/balcon-al-rio-para-el-mundial-de-pesca\/","title":{"rendered":"BALC\u00d3N AL R\u00cdO PARA EL MUNDIAL DE PESCA"},"content":{"rendered":"<p style=\"font-weight: 400;\">Con la nueva Costanera el p\u00fablico recupera el espacio para acompa\u00f1ar la largada de embarcaciones, con acceso libre y gratuito los espectadores podr\u00e1n utilizar la grada de ese ic\u00f3nico lugar de la ciudad<\/p>\n<p style=\"font-weight: 400;\">Las expectativas aumentan en torno a la 49\u00aa Edici\u00f3n de la Fiesta Nacional del Surub\u00ed, cada momento de la experiencia as\u00ed lo refleja, donde sin dudas el protagonismo est\u00e1 centrado en los pescadores, que un a\u00f1o m\u00e1s ratificaron su decisi\u00f3n de optar por el concurso, por Goya, con las inscripciones de 1400 equipos representados por barras y clubes pesqueros de todo el pa\u00eds.<a href=\"https:\/\/revistaesperanzas.com\/web\/2026\/05\/balcon-al-rio-para-el-mundial-de-pesca\/ilustracion-para-el-balcon-del-rio-nueva-costanera-1\/\" rel=\"attachment wp-att-151104\"><img loading=\"lazy\" decoding=\"async\" class=\" wp-image-151104 alignleft\" src=\"https:\/\/revistaesperanzas.com\/web\/wp-content\/uploads\/2026\/05\/Ilustracion-para-el-Balcon-del-Rio-nueva-costanera-1.jpg\" alt=\"\" width=\"701\" height=\"466\" \/><\/a><\/p>\n<p style=\"font-weight: 400;\">La denominaci\u00f3n del Mundial de Pesca surgida de los propios \u201cbuscadores del se\u00f1or del rio\u201d corrobora la apropiaci\u00f3n de los pescadores del concurso de pesca deportiva, que se vincula de una manera rec\u00edproca con el acompa\u00f1amiento de cada goyano que lo recibe al forastero pescador, sumando su alegr\u00eda a la ilusi\u00f3n de cada equipo.<\/p>\n<p style=\"font-weight: 400;\">Este hecho se puede vivenciar en el momento de la largada de esas embarcaciones que transportan el anhelo de cada pescador de consagrarse \u201cCampe\u00f3n del Mundial de Pesca\u201d, esta edici\u00f3n con un espacio recuperado para presenciar el paso, el rugir de esas embarcaciones que dejan su estela en la marcha por el Riacho Goya, volver a la Costanera, hoy renovada con una amplia capacidad para albergar a todos aquellos que quieran observar desde ese simb\u00f3lico lugar que da identidad a la ciudad, sin dudas el s\u00e1bado ser\u00e1 la oportunidad de usar, aprovechar el espacio p\u00fablico recuperado, retornado a esa imagen de ir con el mate, las ganas y de manera gratuita acompa\u00f1ar el sue\u00f1o de los 1400 equipos que eligieron ser protagonistas de esta edici\u00f3n la antesala de las Boda de Oro de la Fiesta Nacional del Surub\u00ed<\/p>\n","protected":false},"excerpt":{"rendered":"<p>Con la nueva Costanera el p\u00fablico recupera el espacio para acompa\u00f1ar la largada de embarcaciones, con acceso libre y gratuito los espectadores podr\u00e1n utilizar la grada de ese ic\u00f3nico lugar de la ciudad Las expectativas aumentan en torno a la 49\u00aa Edici\u00f3n de la Fiesta Nacional del Surub\u00ed, cada momento de la experiencia as\u00ed lo [&hellip;]<\/p>\n","protected":false},"author":4,"featured_media":151103,"comment_status":"closed","ping_status":"closed","sticky":false,"template":"","format":"standard","meta":{"footnotes":""},"categories":[45],"tags":[],"class_list":{"0":"post-151102","1":"post","2":"type-post","3":"status-publish","4":"format-standard","5":"has-post-thumbnail","7":"category-locales"},"_links":{"self":[{"href":"https:\/\/revistaesperanzas.com\/web\/wp-json\/wp\/v2\/posts\/151102","targetHints":{"allow":["GET"]}}],"collection":[{"href":"https:\/\/revistaesperanzas.com\/web\/wp-json\/wp\/v2\/posts"}],"about":[{"href":"https:\/\/revistaesperanzas.com\/web\/wp-json\/wp\/v2\/types\/post"}],"author":[{"embeddable":true,"href":"https:\/\/revistaesperanzas.com\/web\/wp-json\/wp\/v2\/users\/4"}],"replies":[{"embeddable":true,"href":"https:\/\/revistaesperanzas.com\/web\/wp-json\/wp\/v2\/comments?post=151102"}],"version-history":[{"count":2,"href":"https:\/\/revistaesperanzas.com\/web\/wp-json\/wp\/v2\/posts\/151102\/revisions"}],"predecessor-version":[{"id":151106,"href":"https:\/\/revistaesperanzas.com\/web\/wp-json\/wp\/v2\/posts\/151102\/revisions\/151106"}],"wp:featuredmedia":[{"embeddable":true,"href":"https:\/\/revistaesperanzas.com\/web\/wp-json\/wp\/v2\/media\/151103"}],"wp:attachment":[{"href":"https:\/\/revistaesperanzas.com\/web\/wp-json\/wp\/v2\/media?parent=151102"}],"wp:term":[{"taxonomy":"category","embeddable":true,"href":"https:\/\/revistaesperanzas.com\/web\/wp-json\/wp\/v2\/categories?post=151102"},{"taxonomy":"post_tag","embeddable":true,"href":"https:\/\/revistaesperanzas.com\/web\/wp-json\/wp\/v2\/tags?post=151102"}],"curies":[{"name":"wp","href":"https:\/\/api.w.org\/{rel}","templated":true}]}}