{"id":160351,"date":"2026-08-30T20:21:06","date_gmt":"2026-08-30T23:21:06","guid":{"rendered":"https:\/\/revistaesperanzas.com\/web\/?p=160351"},"modified":"2026-08-30T20:21:06","modified_gmt":"2026-08-30T23:21:06","slug":"finalizo-con-exito-el-dispositivo-de-seguridad","status":"publish","type":"post","link":"https:\/\/revistaesperanzas.com\/web\/2026\/08\/finalizo-con-exito-el-dispositivo-de-seguridad\/","title":{"rendered":"FINALIZ\u00d3 CON EXITO EL DISPOSITIVO DE SEGURIDAD"},"content":{"rendered":"<p>Con la fe del peregrino, la familia policial lleg\u00f3 a los pies de Nuestra Se\u00f1ora de Itat\u00ed<br \/>\nEn medio de un clima festivo, integrantes de la fuerza como familiares, amigos e<a href=\"https:\/\/revistaesperanzas.com\/web\/2026\/08\/finalizo-con-exito-el-dispositivo-de-seguridad\/whatsapp-image-2026-08-29-at-20-24-03-2\/\" rel=\"attachment wp-att-160353\"><img loading=\"lazy\" decoding=\"async\" class=\" wp-image-160353 alignleft\" src=\"https:\/\/revistaesperanzas.com\/web\/wp-content\/uploads\/2026\/08\/WhatsApp-Image-2026-08-29-at-20.24.03-2.jpeg\" alt=\"\" width=\"500\" height=\"333\" \/><\/a> invitados que se unieron a esta demostraci\u00f3n de devoci\u00f3n, pasado el mediod\u00eda de este s\u00e1bado 29-08-26, llegaron a los pies de Mar\u00eda de Itat\u00ed, luego de peregrinar dos d\u00edas hasta la Bas\u00edlica, donde el recibimiento se dio con una gran misa de bienvenida.<a href=\"https:\/\/revistaesperanzas.com\/web\/2026\/08\/finalizo-con-exito-el-dispositivo-de-seguridad\/whatsapp-image-2026-08-29-at-20-24-02-3\/\" rel=\"attachment wp-att-160354\"><img loading=\"lazy\" decoding=\"async\" class=\" wp-image-160354 alignright\" src=\"https:\/\/revistaesperanzas.com\/web\/wp-content\/uploads\/2026\/08\/WhatsApp-Image-2026-08-29-at-20.24.02-3.jpeg\" alt=\"\" width=\"501\" height=\"333\" \/><\/a><\/p>\n<p>Desde la organizaci\u00f3n destacaron que este a\u00f1o se sumaron un gran e importante n\u00famero de personas a la gran manifestaci\u00f3n de fe, que arranc\u00f3 en las primeras horas del viernes en la Jefatura de Polic\u00eda, donde los Sres. Directores<a href=\"https:\/\/revistaesperanzas.com\/web\/2026\/08\/finalizo-con-exito-el-dispositivo-de-seguridad\/whatsapp-image-2026-08-29-at-20-24-01\/\" rel=\"attachment wp-att-160355\"><img loading=\"lazy\" decoding=\"async\" class=\" wp-image-160355 alignleft\" src=\"https:\/\/revistaesperanzas.com\/web\/wp-content\/uploads\/2026\/08\/WhatsApp-Image-2026-08-29-at-20.24.01.jpeg\" alt=\"\" width=\"501\" height=\"333\" \/><\/a> Generales integrantes del Estado Mayor Policial, Sres. Directores, Jefes de Divisiones, Jefes de Grupos y Unidades Especiales, personal Superior y Subalterno en actividad y en situaci\u00f3n de retiro, acompa\u00f1aron a la imagen de la virgen y a los peregrinos.<a href=\"https:\/\/revistaesperanzas.com\/web\/2026\/08\/finalizo-con-exito-el-dispositivo-de-seguridad\/whatsapp-image-2026-08-29-at-20-24-01-2\/\" rel=\"attachment wp-att-160356\"><img loading=\"lazy\" decoding=\"async\" class=\" wp-image-160356 alignright\" src=\"https:\/\/revistaesperanzas.com\/web\/wp-content\/uploads\/2026\/08\/WhatsApp-Image-2026-08-29-at-20.24.01-2.jpeg\" alt=\"\" width=\"499\" height=\"332\" \/><\/a><\/p>\n<p>El lema de la 38\u00ba peregrinaci\u00f3n policial a pie a la bas\u00edlica de Nuestra Se\u00f1ora De Itat\u00ed fue \u201cCOMO POLICIAS CAMINAMOS CON MARIA PARA SANAR Y SERVIR\u201d, donde prim\u00f3 el esp\u00edritu de camarader\u00eda y de fraternidad, al<a href=\"https:\/\/revistaesperanzas.com\/web\/2026\/08\/finalizo-con-exito-el-dispositivo-de-seguridad\/whatsapp-image-2026-08-29-at-20-24-02-1\/\" rel=\"attachment wp-att-160357\"><img loading=\"lazy\" decoding=\"async\" class=\" wp-image-160357 alignleft\" src=\"https:\/\/revistaesperanzas.com\/web\/wp-content\/uploads\/2026\/08\/WhatsApp-Image-2026-08-29-at-20.24.02-1.jpeg\" alt=\"\" width=\"501\" height=\"333\" \/><\/a> compartir almuerzos, caminatas, desayunos y encuentros en cada parada.<\/p>\n<p>Adem\u00e1s, merece menci\u00f3n especial el exitoso dispositivo de seguridad que se mont\u00f3 para el cuidado de los cientos de peregrinos a lo largo de la transitada Ruta Nacional 12, como dentro de la localidad de Itat\u00ed.<a href=\"https:\/\/revistaesperanzas.com\/web\/2026\/08\/finalizo-con-exito-el-dispositivo-de-seguridad\/4-4\/\" rel=\"attachment wp-att-160359\"><img loading=\"lazy\" decoding=\"async\" class=\"size-full wp-image-160359 alignleft\" src=\"https:\/\/revistaesperanzas.com\/web\/wp-content\/uploads\/2026\/08\/4.jpg\" alt=\"\" width=\"700\" height=\"700\" srcset=\"https:\/\/revistaesperanzas.com\/web\/wp-content\/uploads\/2026\/08\/4.jpg 700w, https:\/\/revistaesperanzas.com\/web\/wp-content\/uploads\/2026\/08\/4-420x420.jpg 420w, https:\/\/revistaesperanzas.com\/web\/wp-content\/uploads\/2026\/08\/4-696x696.jpg 696w\" sizes=\"auto, (max-width: 700px) 100vw, 700px\" \/><\/a><\/p>\n","protected":false},"excerpt":{"rendered":"<p>Con la fe del peregrino, la familia policial lleg\u00f3 a los pies de Nuestra Se\u00f1ora de Itat\u00ed En medio de un clima festivo, integrantes de la fuerza como familiares, amigos e invitados que se unieron a esta demostraci\u00f3n de devoci\u00f3n, pasado el mediod\u00eda de este s\u00e1bado 29-08-26, llegaron a los pies de Mar\u00eda de Itat\u00ed, [&hellip;]<\/p>\n","protected":false},"author":4,"featured_media":160352,"comment_status":"closed","ping_status":"closed","sticky":false,"template":"","format":"standard","meta":{"footnotes":""},"categories":[45],"tags":[],"class_list":["post-160351","post","type-post","status-publish","format-standard","has-post-thumbnail","category-locales"],"_links":{"self":[{"href":"https:\/\/revistaesperanzas.com\/web\/wp-json\/wp\/v2\/posts\/160351","targetHints":{"allow":["GET"]}}],"collection":[{"href":"https:\/\/revistaesperanzas.com\/web\/wp-json\/wp\/v2\/posts"}],"about":[{"href":"https:\/\/revistaesperanzas.com\/web\/wp-json\/wp\/v2\/types\/post"}],"author":[{"embeddable":true,"href":"https:\/\/revistaesperanzas.com\/web\/wp-json\/wp\/v2\/users\/4"}],"replies":[{"embeddable":true,"href":"https:\/\/revistaesperanzas.com\/web\/wp-json\/wp\/v2\/comments?post=160351"}],"version-history":[{"count":2,"href":"https:\/\/revistaesperanzas.com\/web\/wp-json\/wp\/v2\/posts\/160351\/revisions"}],"predecessor-version":[{"id":160361,"href":"https:\/\/revistaesperanzas.com\/web\/wp-json\/wp\/v2\/posts\/160351\/revisions\/160361"}],"wp:featuredmedia":[{"embeddable":true,"href":"https:\/\/revistaesperanzas.com\/web\/wp-json\/wp\/v2\/media\/160352"}],"wp:attachment":[{"href":"https:\/\/revistaesperanzas.com\/web\/wp-json\/wp\/v2\/media?parent=160351"}],"wp:term":[{"taxonomy":"category","embeddable":true,"href":"https:\/\/revistaesperanzas.com\/web\/wp-json\/wp\/v2\/categories?post=160351"},{"taxonomy":"post_tag","embeddable":true,"href":"https:\/\/revistaesperanzas.com\/web\/wp-json\/wp\/v2\/tags?post=160351"}],"curies":[{"name":"wp","href":"https:\/\/api.w.org\/{rel}","templated":true}]}}