{"id":160362,"date":"2026-08-30T20:23:52","date_gmt":"2026-08-30T23:23:52","guid":{"rendered":"https:\/\/revistaesperanzas.com\/web\/?p=160362"},"modified":"2026-08-30T20:26:19","modified_gmt":"2026-08-30T23:26:19","slug":"goya-policia-de-corrientes-recupera-telefono-celular-y-demora-al-autor-del-hecho","status":"publish","type":"post","link":"https:\/\/revistaesperanzas.com\/web\/2026\/08\/goya-policia-de-corrientes-recupera-telefono-celular-y-demora-al-autor-del-hecho\/","title":{"rendered":"GOYA: POLICIA DE CORRIENTES RECUPERA TEL\u00c9FONO CELULAR Y DEMORA AL AUTOR DEL HECHO"},"content":{"rendered":"<p>R\u00e1pido accionar, la Polic\u00eda recuper\u00f3 un tel\u00e9fono celular recientemente sustra\u00eddo y demor\u00f3 a los presuntos autores del hecho<\/p>\n<p>En la jornada de ayer 28-08-26, efectivos policiales de la Comisar\u00eda distrito Primera de<a href=\"https:\/\/revistaesperanzas.com\/web\/2026\/08\/goya-policia-de-corrientes-recupera-telefono-celular-y-demora-al-autor-del-hecho\/whatsapp-image-2026-08-29-at-20-24-23\/\" rel=\"attachment wp-att-160366\"><img loading=\"lazy\" decoding=\"async\" class=\" wp-image-160366 alignleft\" src=\"https:\/\/revistaesperanzas.com\/web\/wp-content\/uploads\/2026\/08\/WhatsApp-Image-2026-08-29-at-20.24.23.jpeg\" alt=\"\" width=\"420\" height=\"294\" srcset=\"https:\/\/revistaesperanzas.com\/web\/wp-content\/uploads\/2026\/08\/WhatsApp-Image-2026-08-29-at-20.24.23.jpeg 600w, https:\/\/revistaesperanzas.com\/web\/wp-content\/uploads\/2026\/08\/WhatsApp-Image-2026-08-29-at-20.24.23-100x70.jpeg 100w\" sizes=\"auto, (max-width: 420px) 100vw, 420px\" \/><\/a> Goya, realizando sus labores de prevenci\u00f3n, tras un r\u00e1pido y eficaz accionar, recuperaron un tel\u00e9fono celular denunciado como sustra\u00eddo y demoraron a dos hombres sindicados como presuntos autores del hecho.<\/p>\n<p>El procedimiento se concret\u00f3 pasadas las 01:00hs, en inmediaciones de las calles 25 Mayo y Bartolome Mitre de esa localidad, luego de que los funcionarios tomaron conocimiento de un il\u00edcito, donde una persona result\u00f3 v\u00edctima de la sustracci\u00f3n de un tel\u00e9fono celular -marca IPhone 11- por lo que, tras un r\u00e1pido y eficaz accionar, lograron recuperar el aparato y demorar a dos hombres \u2013 de 27 y 35 a\u00f1os de edad- sindicados como los presuntos autores del hecho.<\/p>\n<p>Los demorados junto al dispositivo recuperado fueron trasladados a la citada dependencia, donde se continuaron con los tr\u00e1mites de rigor.<\/p>\n","protected":false},"excerpt":{"rendered":"<p>R\u00e1pido accionar, la Polic\u00eda recuper\u00f3 un tel\u00e9fono celular recientemente sustra\u00eddo y demor\u00f3 a los presuntos autores del hecho En la jornada de ayer 28-08-26, efectivos policiales de la Comisar\u00eda distrito Primera de Goya, realizando sus labores de prevenci\u00f3n, tras un r\u00e1pido y eficaz accionar, recuperaron un tel\u00e9fono celular denunciado como sustra\u00eddo y demoraron a dos [&hellip;]<\/p>\n","protected":false},"author":4,"featured_media":160363,"comment_status":"closed","ping_status":"closed","sticky":false,"template":"","format":"standard","meta":{"footnotes":""},"categories":[45],"tags":[],"class_list":["post-160362","post","type-post","status-publish","format-standard","has-post-thumbnail","category-locales"],"_links":{"self":[{"href":"https:\/\/revistaesperanzas.com\/web\/wp-json\/wp\/v2\/posts\/160362","targetHints":{"allow":["GET"]}}],"collection":[{"href":"https:\/\/revistaesperanzas.com\/web\/wp-json\/wp\/v2\/posts"}],"about":[{"href":"https:\/\/revistaesperanzas.com\/web\/wp-json\/wp\/v2\/types\/post"}],"author":[{"embeddable":true,"href":"https:\/\/revistaesperanzas.com\/web\/wp-json\/wp\/v2\/users\/4"}],"replies":[{"embeddable":true,"href":"https:\/\/revistaesperanzas.com\/web\/wp-json\/wp\/v2\/comments?post=160362"}],"version-history":[{"count":2,"href":"https:\/\/revistaesperanzas.com\/web\/wp-json\/wp\/v2\/posts\/160362\/revisions"}],"predecessor-version":[{"id":160367,"href":"https:\/\/revistaesperanzas.com\/web\/wp-json\/wp\/v2\/posts\/160362\/revisions\/160367"}],"wp:featuredmedia":[{"embeddable":true,"href":"https:\/\/revistaesperanzas.com\/web\/wp-json\/wp\/v2\/media\/160363"}],"wp:attachment":[{"href":"https:\/\/revistaesperanzas.com\/web\/wp-json\/wp\/v2\/media?parent=160362"}],"wp:term":[{"taxonomy":"category","embeddable":true,"href":"https:\/\/revistaesperanzas.com\/web\/wp-json\/wp\/v2\/categories?post=160362"},{"taxonomy":"post_tag","embeddable":true,"href":"https:\/\/revistaesperanzas.com\/web\/wp-json\/wp\/v2\/tags?post=160362"}],"curies":[{"name":"wp","href":"https:\/\/api.w.org\/{rel}","templated":true}]}}