{"id":160368,"date":"2026-08-30T20:32:29","date_gmt":"2026-08-30T23:32:29","guid":{"rendered":"https:\/\/revistaesperanzas.com\/web\/?p=160368"},"modified":"2026-08-30T20:32:30","modified_gmt":"2026-08-30T23:32:30","slug":"empedrado-detienen-a-dos-peprsonas-y-secuestran-elementos-de-fraccionamiento-de-drogas-marihuana-dinero-en-efectivo-yotros-elementos","status":"publish","type":"post","link":"https:\/\/revistaesperanzas.com\/web\/2026\/08\/empedrado-detienen-a-dos-peprsonas-y-secuestran-elementos-de-fraccionamiento-de-drogas-marihuana-dinero-en-efectivo-yotros-elementos\/","title":{"rendered":"EMPEDRADO: DETIENEN A DOS PEPRSONAS Y SECUESTRAN ELEMENTOS DE FRACCIONAMIENTO DE DROGAS, MARIHUANA, DINERO EN EFECTIVO YOTROS ELEMENTOS"},"content":{"rendered":"<p>En horas de la madrugada de hoy 29-08-26, en el marco de los operativos de prevenci\u00f3n y contralor, efectivos policiales de la Comisar\u00eda Distrito Empedrado y de la divisi\u00f3n de Investigaci\u00f3n de dicha dependencia, demoraron a personas -un hombre de 18 y una<a href=\"https:\/\/revistaesperanzas.com\/web\/2026\/08\/empedrado-detienen-a-dos-peprsonas-y-secuestran-elementos-de-fraccionamiento-de-drogas-marihuana-dinero-en-efectivo-yotros-elementos\/whatsapp-image-2026-08-29-at-20-24-23-1\/\" rel=\"attachment wp-att-160370\"><img loading=\"lazy\" decoding=\"async\" class=\" wp-image-160370 alignleft\" src=\"https:\/\/revistaesperanzas.com\/web\/wp-content\/uploads\/2026\/08\/WhatsApp-Image-2026-08-29-at-20.24.23-1.jpeg\" alt=\"\" width=\"410\" height=\"574\" srcset=\"https:\/\/revistaesperanzas.com\/web\/wp-content\/uploads\/2026\/08\/WhatsApp-Image-2026-08-29-at-20.24.23-1.jpeg 500w, https:\/\/revistaesperanzas.com\/web\/wp-content\/uploads\/2026\/08\/WhatsApp-Image-2026-08-29-at-20.24.23-1-300x420.jpeg 300w\" sizes=\"auto, (max-width: 410px) 100vw, 410px\" \/><\/a> mujer de 23 a\u00f1os-, en inmediaciones de calle Piragine Niveiro y Ruta Nacional N.\u00ba 12, luego de recibir una alerta al 911 que advert\u00eda sobre dos personas que hab\u00edan descendido de un colectivo transportando una mochila que emanaba un fuerte olor.<\/p>\n<p>Tras las diligencias correspondientes y mediante una orden judicial de requisa, registro y secuestro, se inspeccion\u00f3 la mochila en presencia de testigos, hall\u00e1ndose en su interior sustancia vegetal presumiblemente Cannabis sativa (marihuana), adem\u00e1s de elementos relacionados con su acondicionamiento y consumo, dinero en efectivo, entre otros.<\/p>\n<p>Las personas aprehendidas junto a lo secuestrado fueron puestos a disposici\u00f3n de la autoridad judicial en turno, en la tanto en la citada dependencia policial se prosigue con los tramites que corresponden.<\/p>\n","protected":false},"excerpt":{"rendered":"<p>En horas de la madrugada de hoy 29-08-26, en el marco de los operativos de prevenci\u00f3n y contralor, efectivos policiales de la Comisar\u00eda Distrito Empedrado y de la divisi\u00f3n de Investigaci\u00f3n de dicha dependencia, demoraron a personas -un hombre de 18 y una mujer de 23 a\u00f1os-, en inmediaciones de calle Piragine Niveiro y Ruta [&hellip;]<\/p>\n","protected":false},"author":4,"featured_media":160369,"comment_status":"closed","ping_status":"closed","sticky":false,"template":"","format":"standard","meta":{"footnotes":""},"categories":[45],"tags":[],"class_list":["post-160368","post","type-post","status-publish","format-standard","has-post-thumbnail","category-locales"],"_links":{"self":[{"href":"https:\/\/revistaesperanzas.com\/web\/wp-json\/wp\/v2\/posts\/160368","targetHints":{"allow":["GET"]}}],"collection":[{"href":"https:\/\/revistaesperanzas.com\/web\/wp-json\/wp\/v2\/posts"}],"about":[{"href":"https:\/\/revistaesperanzas.com\/web\/wp-json\/wp\/v2\/types\/post"}],"author":[{"embeddable":true,"href":"https:\/\/revistaesperanzas.com\/web\/wp-json\/wp\/v2\/users\/4"}],"replies":[{"embeddable":true,"href":"https:\/\/revistaesperanzas.com\/web\/wp-json\/wp\/v2\/comments?post=160368"}],"version-history":[{"count":2,"href":"https:\/\/revistaesperanzas.com\/web\/wp-json\/wp\/v2\/posts\/160368\/revisions"}],"predecessor-version":[{"id":160372,"href":"https:\/\/revistaesperanzas.com\/web\/wp-json\/wp\/v2\/posts\/160368\/revisions\/160372"}],"wp:featuredmedia":[{"embeddable":true,"href":"https:\/\/revistaesperanzas.com\/web\/wp-json\/wp\/v2\/media\/160369"}],"wp:attachment":[{"href":"https:\/\/revistaesperanzas.com\/web\/wp-json\/wp\/v2\/media?parent=160368"}],"wp:term":[{"taxonomy":"category","embeddable":true,"href":"https:\/\/revistaesperanzas.com\/web\/wp-json\/wp\/v2\/categories?post=160368"},{"taxonomy":"post_tag","embeddable":true,"href":"https:\/\/revistaesperanzas.com\/web\/wp-json\/wp\/v2\/tags?post=160368"}],"curies":[{"name":"wp","href":"https:\/\/api.w.org\/{rel}","templated":true}]}}