{"id":160373,"date":"2026-08-30T20:35:53","date_gmt":"2026-08-30T23:35:53","guid":{"rendered":"https:\/\/revistaesperanzas.com\/web\/?p=160373"},"modified":"2026-08-30T20:35:53","modified_gmt":"2026-08-30T23:35:53","slug":"tras-tareas-investigativas-personal-de-la-comisaria-segunda-de-capital","status":"publish","type":"post","link":"https:\/\/revistaesperanzas.com\/web\/2026\/08\/tras-tareas-investigativas-personal-de-la-comisaria-segunda-de-capital\/","title":{"rendered":"TRAS TAREAS INVESTIGATIVAS: PERSONAL DE LA COMISARIA SEGUNDA DE CAPITAL . . . ."},"content":{"rendered":"<p>La Polic\u00eda recupero dos reflectores sustra\u00eddos de una iglesia<\/p>\n<p>Ayer 29-08-26, Efectivos policiales de la Comisar\u00eda Segunda, tras distintas tareas investigativas, en colaboraci\u00f3n con la unidad fiscal interviniente, lograron recuperar dos reflectores que hab\u00edan sido denunciados como sustra\u00eddos del frente de la Iglesia San Benito, ubicada en el Barrio San Mart\u00edn de esta ciudad.<\/p>\n<p>Los distintos trabajos de investigaci\u00f3n dieron inicio tras tomar conocimiento del hecho, y luego de diversos trabajos, finalmente posibilit\u00f3 hallar y recuperar los elementos denunciados como sustra\u00eddos, trat\u00e1ndose de dos reflectores LED, uno de 300 watts y otro -marca Candela-.<\/p>\n<p>Las cosas recuperadas fueron puestos a disposici\u00f3n de la autoridad fiscal interviniente, en tanto, en la citada Comisar\u00eda se prosigue con los tramites del caso.<\/p>\n","protected":false},"excerpt":{"rendered":"<p>La Polic\u00eda recupero dos reflectores sustra\u00eddos de una iglesia Ayer 29-08-26, Efectivos policiales de la Comisar\u00eda Segunda, tras distintas tareas investigativas, en colaboraci\u00f3n con la unidad fiscal interviniente, lograron recuperar dos reflectores que hab\u00edan sido denunciados como sustra\u00eddos del frente de la Iglesia San Benito, ubicada en el Barrio San Mart\u00edn de esta ciudad. Los [&hellip;]<\/p>\n","protected":false},"author":4,"featured_media":160374,"comment_status":"closed","ping_status":"closed","sticky":false,"template":"","format":"standard","meta":{"footnotes":""},"categories":[58],"tags":[],"class_list":["post-160373","post","type-post","status-publish","format-standard","has-post-thumbnail","category-corrientes"],"_links":{"self":[{"href":"https:\/\/revistaesperanzas.com\/web\/wp-json\/wp\/v2\/posts\/160373","targetHints":{"allow":["GET"]}}],"collection":[{"href":"https:\/\/revistaesperanzas.com\/web\/wp-json\/wp\/v2\/posts"}],"about":[{"href":"https:\/\/revistaesperanzas.com\/web\/wp-json\/wp\/v2\/types\/post"}],"author":[{"embeddable":true,"href":"https:\/\/revistaesperanzas.com\/web\/wp-json\/wp\/v2\/users\/4"}],"replies":[{"embeddable":true,"href":"https:\/\/revistaesperanzas.com\/web\/wp-json\/wp\/v2\/comments?post=160373"}],"version-history":[{"count":1,"href":"https:\/\/revistaesperanzas.com\/web\/wp-json\/wp\/v2\/posts\/160373\/revisions"}],"predecessor-version":[{"id":160375,"href":"https:\/\/revistaesperanzas.com\/web\/wp-json\/wp\/v2\/posts\/160373\/revisions\/160375"}],"wp:featuredmedia":[{"embeddable":true,"href":"https:\/\/revistaesperanzas.com\/web\/wp-json\/wp\/v2\/media\/160374"}],"wp:attachment":[{"href":"https:\/\/revistaesperanzas.com\/web\/wp-json\/wp\/v2\/media?parent=160373"}],"wp:term":[{"taxonomy":"category","embeddable":true,"href":"https:\/\/revistaesperanzas.com\/web\/wp-json\/wp\/v2\/categories?post=160373"},{"taxonomy":"post_tag","embeddable":true,"href":"https:\/\/revistaesperanzas.com\/web\/wp-json\/wp\/v2\/tags?post=160373"}],"curies":[{"name":"wp","href":"https:\/\/api.w.org\/{rel}","templated":true}]}}