{"id":160376,"date":"2026-08-30T20:39:05","date_gmt":"2026-08-30T23:39:05","guid":{"rendered":"https:\/\/revistaesperanzas.com\/web\/?p=160376"},"modified":"2026-08-30T20:39:05","modified_gmt":"2026-08-30T23:39:05","slug":"curuzu-cuatia-y","status":"publish","type":"post","link":"https:\/\/revistaesperanzas.com\/web\/2026\/08\/curuzu-cuatia-y\/","title":{"rendered":"CURUZU CUATIA y"},"content":{"rendered":"<p>CURUZU CUATIA<br \/>\nLa Polic\u00eda realizar\u00e1 un importante operativo de seguridad en el marco de las Fiestas Patronales en honor a &#8220;Santa Rosa de Lima&#8221; Curuz\u00fa Cuati\u00e1 &#8211; Corrientes 2026<br \/>\nDesde el Ministerio de Seguridad, conjuntamente con la Subsecretaria de Seguridad y la Polic\u00eda de la Provincia de Corrientes, a trav\u00e9s de la Direcci\u00f3n General de Coordinaci\u00f3n e Interior; la Unidad Regional III\u00b0 Curuz\u00fa Cuati\u00e1 y de las Comisar\u00edas de distrito que le dependen, de la Direcci\u00f3n General de Grupos Especiales y de la Direcci\u00f3n General De Seguridad Rural y Ecol\u00f3gica; se ha dispuesto un importante operativo de seguridad, en el marco de las Fiestas Patronales en honor a &#8220;Santa Rosa de Lima&#8221; Curuz\u00fa Cuati\u00e1 &#8211; Corrientes 2026, la que se llevar\u00e1 a cabo el d\u00eda Domingo 30 de Agosto del corriente a\u00f1o, en la capilla que lleva su mismo nombre situada sobre calle Bompland (RP141) entre Castelli y Monte Caseros de la localidad,; previ\u00e9ndose una masiva concurrencia de p\u00fablico.<br \/>\nEste Plan de Seguridad, se implementar\u00e1 antes, durante y despu\u00e9s de la culminaci\u00f3n de todas las actividades y eventos, bas\u00e1ndose en la distribuci\u00f3n estrat\u00e9gica de los recursos humanos y materiales, para evitar la alteraci\u00f3n del orden p\u00fablico y la comisi\u00f3n de<\/p>\n<div style=\"width: 576px;\" class=\"wp-video\"><video class=\"wp-video-shortcode\" id=\"video-160376-1\" width=\"576\" height=\"1024\" preload=\"metadata\" controls=\"controls\"><source type=\"video\/mp4\" src=\"https:\/\/revistaesperanzas.com\/web\/wp-content\/uploads\/2026\/08\/WhatsApp-Video-2026-08-30-at-00.11.51-1.mp4?_=1\" \/><a href=\"https:\/\/revistaesperanzas.com\/web\/wp-content\/uploads\/2026\/08\/WhatsApp-Video-2026-08-30-at-00.11.51-1.mp4\">https:\/\/revistaesperanzas.com\/web\/wp-content\/uploads\/2026\/08\/WhatsApp-Video-2026-08-30-at-00.11.51-1.mp4<\/a><\/video><\/div>\n<p>delitos; como as\u00ed tambi\u00e9n la seguridad vial y actuar ante cualquier circunstancia que amerite la intervenci\u00f3n policial, para que dichos eventos se desarrollen con total normalidad, esto incluye la coordinaci\u00f3n de actividades con los organizadores, autoridades municipales, bomberos, hospital, entre otras.<br \/>\nEn este sentido y teniendo en cuenta, la gran afluencia de personas que convoca este evento, se dispondr\u00e1 que en los diferentes controles policiales y los distintos accesos de dicha ciudad, se advierta a los conductores, sobre este evento que se desarrollar\u00e1, para que tomen las precauciones del caso.<br \/>\nAl respecto, se establecer\u00e1 un corredor sanitario, con personal m\u00e9dico y de apoyo disponible durante todo el operativo, con el fin de brindar respuesta inmediata ante cualquier eventualidad, asegurando un traslado r\u00e1pido y seguro hacia los centros asistenciales.<br \/>\nPor tal motivo, se solicita colaboraci\u00f3n de las personas que transiten por la zona, y fundamentalmente a quienes participen del evento, que tomen las precauciones del caso, teniendo en cuenta las indicaciones de los organizadores y del personal de seguridad, a fin de mantener el orden y la seguridad p\u00fablica.<\/p>\n","protected":false},"excerpt":{"rendered":"<p>CURUZU CUATIA La Polic\u00eda realizar\u00e1 un importante operativo de seguridad en el marco de las Fiestas Patronales en honor a &#8220;Santa Rosa de Lima&#8221; Curuz\u00fa Cuati\u00e1 &#8211; Corrientes 2026 Desde el Ministerio de Seguridad, conjuntamente con la Subsecretaria de Seguridad y la Polic\u00eda de la Provincia de Corrientes, a trav\u00e9s de la Direcci\u00f3n General de [&hellip;]<\/p>\n","protected":false},"author":4,"featured_media":160379,"comment_status":"closed","ping_status":"closed","sticky":false,"template":"","format":"standard","meta":{"footnotes":""},"categories":[58],"tags":[],"class_list":["post-160376","post","type-post","status-publish","format-standard","has-post-thumbnail","category-corrientes"],"_links":{"self":[{"href":"https:\/\/revistaesperanzas.com\/web\/wp-json\/wp\/v2\/posts\/160376","targetHints":{"allow":["GET"]}}],"collection":[{"href":"https:\/\/revistaesperanzas.com\/web\/wp-json\/wp\/v2\/posts"}],"about":[{"href":"https:\/\/revistaesperanzas.com\/web\/wp-json\/wp\/v2\/types\/post"}],"author":[{"embeddable":true,"href":"https:\/\/revistaesperanzas.com\/web\/wp-json\/wp\/v2\/users\/4"}],"replies":[{"embeddable":true,"href":"https:\/\/revistaesperanzas.com\/web\/wp-json\/wp\/v2\/comments?post=160376"}],"version-history":[{"count":1,"href":"https:\/\/revistaesperanzas.com\/web\/wp-json\/wp\/v2\/posts\/160376\/revisions"}],"predecessor-version":[{"id":160380,"href":"https:\/\/revistaesperanzas.com\/web\/wp-json\/wp\/v2\/posts\/160376\/revisions\/160380"}],"wp:featuredmedia":[{"embeddable":true,"href":"https:\/\/revistaesperanzas.com\/web\/wp-json\/wp\/v2\/media\/160379"}],"wp:attachment":[{"href":"https:\/\/revistaesperanzas.com\/web\/wp-json\/wp\/v2\/media?parent=160376"}],"wp:term":[{"taxonomy":"category","embeddable":true,"href":"https:\/\/revistaesperanzas.com\/web\/wp-json\/wp\/v2\/categories?post=160376"},{"taxonomy":"post_tag","embeddable":true,"href":"https:\/\/revistaesperanzas.com\/web\/wp-json\/wp\/v2\/tags?post=160376"}],"curies":[{"name":"wp","href":"https:\/\/api.w.org\/{rel}","templated":true}]}}