{"id":160389,"date":"2026-08-30T22:26:00","date_gmt":"2026-08-31T01:26:00","guid":{"rendered":"https:\/\/revistaesperanzas.com\/web\/?p=160389"},"modified":"2026-08-30T22:26:00","modified_gmt":"2026-08-31T01:26:00","slug":"comisaria-7ma-urbana-capital","status":"publish","type":"post","link":"https:\/\/revistaesperanzas.com\/web\/2026\/08\/comisaria-7ma-urbana-capital\/","title":{"rendered":"COMISARIA 7MA URBANA, capital"},"content":{"rendered":"<p>En un r\u00e1pido y eficaz accionar, la Polic\u00eda recuper\u00f3 un celular recientemente sustra\u00eddo.<br \/>\nEn horas de la tarde de ayer 29-08-26, efectivos policiales de la Comisaria 7ma Urbana, en momentos en que realizaban sus labores de prevenci\u00f3n, tras un r\u00e1pido y eficaz accionar, recuperaron un tel\u00e9fono celular recientemente sustra\u00eddo.<\/p>\n<p>El procedimiento lo realizaron pasadas de las 17:00horas, luego de que los citados efectivos tomaron conocimiento de un il\u00edcito, donde una persona result\u00f3 v\u00edctima de la sustracci\u00f3n de un tel\u00e9fono celular -marca Samsung A23- por lo que, tras un r\u00e1pido y eficaz accionar, lograron recuperar el dispositivo.<\/p>\n<p>El aparato recuperado fue trasladado a la citada dependencia, donde se continuaron con los tr\u00e1mites de rigor.<\/p>\n","protected":false},"excerpt":{"rendered":"<p>En un r\u00e1pido y eficaz accionar, la Polic\u00eda recuper\u00f3 un celular recientemente sustra\u00eddo. En horas de la tarde de ayer 29-08-26, efectivos policiales de la Comisaria 7ma Urbana, en momentos en que realizaban sus labores de prevenci\u00f3n, tras un r\u00e1pido y eficaz accionar, recuperaron un tel\u00e9fono celular recientemente sustra\u00eddo. El procedimiento lo realizaron pasadas de [&hellip;]<\/p>\n","protected":false},"author":4,"featured_media":160390,"comment_status":"closed","ping_status":"closed","sticky":false,"template":"","format":"standard","meta":{"footnotes":""},"categories":[58],"tags":[],"class_list":["post-160389","post","type-post","status-publish","format-standard","has-post-thumbnail","category-corrientes"],"_links":{"self":[{"href":"https:\/\/revistaesperanzas.com\/web\/wp-json\/wp\/v2\/posts\/160389","targetHints":{"allow":["GET"]}}],"collection":[{"href":"https:\/\/revistaesperanzas.com\/web\/wp-json\/wp\/v2\/posts"}],"about":[{"href":"https:\/\/revistaesperanzas.com\/web\/wp-json\/wp\/v2\/types\/post"}],"author":[{"embeddable":true,"href":"https:\/\/revistaesperanzas.com\/web\/wp-json\/wp\/v2\/users\/4"}],"replies":[{"embeddable":true,"href":"https:\/\/revistaesperanzas.com\/web\/wp-json\/wp\/v2\/comments?post=160389"}],"version-history":[{"count":1,"href":"https:\/\/revistaesperanzas.com\/web\/wp-json\/wp\/v2\/posts\/160389\/revisions"}],"predecessor-version":[{"id":160391,"href":"https:\/\/revistaesperanzas.com\/web\/wp-json\/wp\/v2\/posts\/160389\/revisions\/160391"}],"wp:featuredmedia":[{"embeddable":true,"href":"https:\/\/revistaesperanzas.com\/web\/wp-json\/wp\/v2\/media\/160390"}],"wp:attachment":[{"href":"https:\/\/revistaesperanzas.com\/web\/wp-json\/wp\/v2\/media?parent=160389"}],"wp:term":[{"taxonomy":"category","embeddable":true,"href":"https:\/\/revistaesperanzas.com\/web\/wp-json\/wp\/v2\/categories?post=160389"},{"taxonomy":"post_tag","embeddable":true,"href":"https:\/\/revistaesperanzas.com\/web\/wp-json\/wp\/v2\/tags?post=160389"}],"curies":[{"name":"wp","href":"https:\/\/api.w.org\/{rel}","templated":true}]}}