{"id":160392,"date":"2026-08-30T22:28:33","date_gmt":"2026-08-31T01:28:33","guid":{"rendered":"https:\/\/revistaesperanzas.com\/web\/?p=160392"},"modified":"2026-08-30T22:28:33","modified_gmt":"2026-08-31T01:28:33","slug":"barrio-parque-cadenas-sur-capital","status":"publish","type":"post","link":"https:\/\/revistaesperanzas.com\/web\/2026\/08\/barrio-parque-cadenas-sur-capital\/","title":{"rendered":"BARRIO PARQUE CADENAS SUR, capital"},"content":{"rendered":"<p>En r\u00e1pido accionar, la Polic\u00eda recupero una motocicleta sustra\u00edda recientemente<\/p>\n<p>En horas de la tarde de hoy 30-08-26, efectivos policiales de la Comisar\u00eda D\u00e9cima urbana tomaron conocimiento, a trav\u00e9s del SIS 911, sobre la sustracci\u00f3n de una motocicleta de frente de un domicilio ubicado en calle Goitia y 400 del Barrio Parque Cadenas Sur.<\/p>\n<p>Ante el alerta, el personal se constituy\u00f3 r\u00e1pidamente en el lugar y, tras recabar informaci\u00f3n aportada por vecinos, inici\u00f3 la b\u00fasqueda del rodado hacia la zona del basural.<\/p>\n<p>Minutos m\u00e1s tarde, lograron localizar una motocicleta \u2013marca Honda Wave- de similares caracter\u00edsticas, que posteriormente fue reconocida por la propietaria y sus familiares como la sustra\u00edda.<\/p>\n<p>Tras el r\u00e1pido accionar policial, el rodado fue recuperado y puesto a disposici\u00f3n de la autoridad judicial en turno, en tanto, la propietaria manifest\u00f3 no querer radicar denuncia formal, no obstante, personal de la citada dependencia continuo con los tramites que corresponden.<\/p>\n","protected":false},"excerpt":{"rendered":"<p>En r\u00e1pido accionar, la Polic\u00eda recupero una motocicleta sustra\u00edda recientemente En horas de la tarde de hoy 30-08-26, efectivos policiales de la Comisar\u00eda D\u00e9cima urbana tomaron conocimiento, a trav\u00e9s del SIS 911, sobre la sustracci\u00f3n de una motocicleta de frente de un domicilio ubicado en calle Goitia y 400 del Barrio Parque Cadenas Sur. Ante [&hellip;]<\/p>\n","protected":false},"author":4,"featured_media":160393,"comment_status":"closed","ping_status":"closed","sticky":false,"template":"","format":"standard","meta":{"footnotes":""},"categories":[58],"tags":[],"class_list":["post-160392","post","type-post","status-publish","format-standard","has-post-thumbnail","category-corrientes"],"_links":{"self":[{"href":"https:\/\/revistaesperanzas.com\/web\/wp-json\/wp\/v2\/posts\/160392","targetHints":{"allow":["GET"]}}],"collection":[{"href":"https:\/\/revistaesperanzas.com\/web\/wp-json\/wp\/v2\/posts"}],"about":[{"href":"https:\/\/revistaesperanzas.com\/web\/wp-json\/wp\/v2\/types\/post"}],"author":[{"embeddable":true,"href":"https:\/\/revistaesperanzas.com\/web\/wp-json\/wp\/v2\/users\/4"}],"replies":[{"embeddable":true,"href":"https:\/\/revistaesperanzas.com\/web\/wp-json\/wp\/v2\/comments?post=160392"}],"version-history":[{"count":1,"href":"https:\/\/revistaesperanzas.com\/web\/wp-json\/wp\/v2\/posts\/160392\/revisions"}],"predecessor-version":[{"id":160394,"href":"https:\/\/revistaesperanzas.com\/web\/wp-json\/wp\/v2\/posts\/160392\/revisions\/160394"}],"wp:featuredmedia":[{"embeddable":true,"href":"https:\/\/revistaesperanzas.com\/web\/wp-json\/wp\/v2\/media\/160393"}],"wp:attachment":[{"href":"https:\/\/revistaesperanzas.com\/web\/wp-json\/wp\/v2\/media?parent=160392"}],"wp:term":[{"taxonomy":"category","embeddable":true,"href":"https:\/\/revistaesperanzas.com\/web\/wp-json\/wp\/v2\/categories?post=160392"},{"taxonomy":"post_tag","embeddable":true,"href":"https:\/\/revistaesperanzas.com\/web\/wp-json\/wp\/v2\/tags?post=160392"}],"curies":[{"name":"wp","href":"https:\/\/api.w.org\/{rel}","templated":true}]}}