{"id":160395,"date":"2026-08-30T22:40:22","date_gmt":"2026-08-31T01:40:22","guid":{"rendered":"https:\/\/revistaesperanzas.com\/web\/?p=160395"},"modified":"2026-08-30T22:40:22","modified_gmt":"2026-08-31T01:40:22","slug":"gobernador-virasoro-la-policia-recupero-un-secarropas-recien-robado","status":"publish","type":"post","link":"https:\/\/revistaesperanzas.com\/web\/2026\/08\/gobernador-virasoro-la-policia-recupero-un-secarropas-recien-robado\/","title":{"rendered":"GOBERNADOR VIRASORO: LA POLICIA RECUPER\u00d3 UN SECARROPAS RECIEN ROBADO"},"content":{"rendered":"<p>En horas de la noche de ayer 29-08-26, efectivos de la Comisar\u00eda Distrito Tercera de Gobernador Virasoro tomaron conocimiento de la sustracci\u00f3n de un secarropas, de un domicilio ubicado por calle 25 de Mayo al 2800 de esa localidad, el cual finalmente fue recuperado.<\/p>\n<p>A partir de tomar conocimiento del hecho, el personal policial inici\u00f3 r\u00e1pidamente tareas investigativas en inmediaciones y zonas aleda\u00f1as, logrando horas m\u00e1s tarde localizar el electrodom\u00e9stico \u2013marca Dream- en un domicilio ubicado en calle Laguna Brava y Martin Pueyrred\u00f3n, su ocupante manifest\u00f3 haberlo adquirido momentos antes de buena fe a un sujeto conocido por un apodo, haciendo entrega voluntaria del elemento, que fue secuestrado preventivamente.<\/p>\n<p>El secarropas fue trasladado a la dependencia policial y qued\u00f3 a disposici\u00f3n de la autoridad competente, continu\u00e1ndose con las diligencias investigativas para determinar las circunstancias del hecho y establecer fehacientemente al presunto autor del il\u00edcito.<\/p>\n","protected":false},"excerpt":{"rendered":"<p>En horas de la noche de ayer 29-08-26, efectivos de la Comisar\u00eda Distrito Tercera de Gobernador Virasoro tomaron conocimiento de la sustracci\u00f3n de un secarropas, de un domicilio ubicado por calle 25 de Mayo al 2800 de esa localidad, el cual finalmente fue recuperado. A partir de tomar conocimiento del hecho, el personal policial inici\u00f3 [&hellip;]<\/p>\n","protected":false},"author":4,"featured_media":160397,"comment_status":"closed","ping_status":"closed","sticky":false,"template":"","format":"standard","meta":{"footnotes":""},"categories":[58],"tags":[],"class_list":["post-160395","post","type-post","status-publish","format-standard","has-post-thumbnail","category-corrientes"],"_links":{"self":[{"href":"https:\/\/revistaesperanzas.com\/web\/wp-json\/wp\/v2\/posts\/160395","targetHints":{"allow":["GET"]}}],"collection":[{"href":"https:\/\/revistaesperanzas.com\/web\/wp-json\/wp\/v2\/posts"}],"about":[{"href":"https:\/\/revistaesperanzas.com\/web\/wp-json\/wp\/v2\/types\/post"}],"author":[{"embeddable":true,"href":"https:\/\/revistaesperanzas.com\/web\/wp-json\/wp\/v2\/users\/4"}],"replies":[{"embeddable":true,"href":"https:\/\/revistaesperanzas.com\/web\/wp-json\/wp\/v2\/comments?post=160395"}],"version-history":[{"count":1,"href":"https:\/\/revistaesperanzas.com\/web\/wp-json\/wp\/v2\/posts\/160395\/revisions"}],"predecessor-version":[{"id":160398,"href":"https:\/\/revistaesperanzas.com\/web\/wp-json\/wp\/v2\/posts\/160395\/revisions\/160398"}],"wp:featuredmedia":[{"embeddable":true,"href":"https:\/\/revistaesperanzas.com\/web\/wp-json\/wp\/v2\/media\/160397"}],"wp:attachment":[{"href":"https:\/\/revistaesperanzas.com\/web\/wp-json\/wp\/v2\/media?parent=160395"}],"wp:term":[{"taxonomy":"category","embeddable":true,"href":"https:\/\/revistaesperanzas.com\/web\/wp-json\/wp\/v2\/categories?post=160395"},{"taxonomy":"post_tag","embeddable":true,"href":"https:\/\/revistaesperanzas.com\/web\/wp-json\/wp\/v2\/tags?post=160395"}],"curies":[{"name":"wp","href":"https:\/\/api.w.org\/{rel}","templated":true}]}}