{"id":160399,"date":"2026-08-30T22:42:44","date_gmt":"2026-08-31T01:42:44","guid":{"rendered":"https:\/\/revistaesperanzas.com\/web\/?p=160399"},"modified":"2026-08-30T22:42:44","modified_gmt":"2026-08-31T01:42:44","slug":"eficaz-accionar-policial-demoran-a-un-sujeto-y-secuestran-unmoto-robada","status":"publish","type":"post","link":"https:\/\/revistaesperanzas.com\/web\/2026\/08\/eficaz-accionar-policial-demoran-a-un-sujeto-y-secuestran-unmoto-robada\/","title":{"rendered":"EFICAZ ACCIONAR POLICIAL, DEMORAN A UN SUJETO Y SECUESTRAN UNMOTO ROBADA"},"content":{"rendered":"<p>En horas de la ma\u00f1ana de hoy 30-08-26, efectivos policiales de la Comisar\u00eda s\u00e9ptima urbana y con la valiosa colaboraci\u00f3n de la patrulla jurisdiccional destacamento San Marcos, en virtud de un pedido de colaboraci\u00f3n de sus pares de la Comisar\u00eda sexta urbana, cuando realizaban sus labores de prevenci\u00f3n y tras una persecuci\u00f3n secuestraron una motocicleta que registraba pedido de secuestro y demoraron a su conductor.<\/p>\n<p>El procedimiento lo realizaron cuando en inmediaciones de calles Patagonia y Sarmiento, observaron a un sujeto a bordo de una motocicleta \u2013marca honda wave- de similares caracter\u00edsticas a las aportadas por el personal de la Comisar\u00eda sexta urbana, y la cual se presume que estar\u00eda por ser comercializada, ante lo cual, esta persona al notar la presencia policial, acelera la marcha y se inicia una persecuci\u00f3n.<\/p>\n<p>En ese marco, ambos m\u00f3viles de las mencionadas dependencias realizaron un operativo cerrojo, logrando finalmente darle alcance cuando este pierde el control del rodado, resultando ser un joven de 26 a\u00f1os de edad y al secuestro del rodado.<\/p>\n<p>El sujeto y lo secuestrado fueron puestos a disposici\u00f3n de la autoridad fiscal interviniente, en tanto en la citada dependencia policial donde se prosigue con los tramites del caso.<\/p>\n","protected":false},"excerpt":{"rendered":"<p>En horas de la ma\u00f1ana de hoy 30-08-26, efectivos policiales de la Comisar\u00eda s\u00e9ptima urbana y con la valiosa colaboraci\u00f3n de la patrulla jurisdiccional destacamento San Marcos, en virtud de un pedido de colaboraci\u00f3n de sus pares de la Comisar\u00eda sexta urbana, cuando realizaban sus labores de prevenci\u00f3n y tras una persecuci\u00f3n secuestraron una motocicleta [&hellip;]<\/p>\n","protected":false},"author":4,"featured_media":160400,"comment_status":"closed","ping_status":"closed","sticky":false,"template":"","format":"standard","meta":{"footnotes":""},"categories":[58],"tags":[],"class_list":["post-160399","post","type-post","status-publish","format-standard","has-post-thumbnail","category-corrientes"],"_links":{"self":[{"href":"https:\/\/revistaesperanzas.com\/web\/wp-json\/wp\/v2\/posts\/160399","targetHints":{"allow":["GET"]}}],"collection":[{"href":"https:\/\/revistaesperanzas.com\/web\/wp-json\/wp\/v2\/posts"}],"about":[{"href":"https:\/\/revistaesperanzas.com\/web\/wp-json\/wp\/v2\/types\/post"}],"author":[{"embeddable":true,"href":"https:\/\/revistaesperanzas.com\/web\/wp-json\/wp\/v2\/users\/4"}],"replies":[{"embeddable":true,"href":"https:\/\/revistaesperanzas.com\/web\/wp-json\/wp\/v2\/comments?post=160399"}],"version-history":[{"count":1,"href":"https:\/\/revistaesperanzas.com\/web\/wp-json\/wp\/v2\/posts\/160399\/revisions"}],"predecessor-version":[{"id":160401,"href":"https:\/\/revistaesperanzas.com\/web\/wp-json\/wp\/v2\/posts\/160399\/revisions\/160401"}],"wp:featuredmedia":[{"embeddable":true,"href":"https:\/\/revistaesperanzas.com\/web\/wp-json\/wp\/v2\/media\/160400"}],"wp:attachment":[{"href":"https:\/\/revistaesperanzas.com\/web\/wp-json\/wp\/v2\/media?parent=160399"}],"wp:term":[{"taxonomy":"category","embeddable":true,"href":"https:\/\/revistaesperanzas.com\/web\/wp-json\/wp\/v2\/categories?post=160399"},{"taxonomy":"post_tag","embeddable":true,"href":"https:\/\/revistaesperanzas.com\/web\/wp-json\/wp\/v2\/tags?post=160399"}],"curies":[{"name":"wp","href":"https:\/\/api.w.org\/{rel}","templated":true}]}}