{"id":160403,"date":"2026-08-31T08:13:07","date_gmt":"2026-08-31T11:13:07","guid":{"rendered":"https:\/\/revistaesperanzas.com\/web\/?p=160403"},"modified":"2026-08-31T08:13:07","modified_gmt":"2026-08-31T11:13:07","slug":"granja-tres-arroyos-cerro-sin-aviso-una-planta-historica-denuncian-que-se-retiro-maquinaria-y-que-el-directorio-vacio-sus-oficinas","status":"publish","type":"post","link":"https:\/\/revistaesperanzas.com\/web\/2026\/08\/granja-tres-arroyos-cerro-sin-aviso-una-planta-historica-denuncian-que-se-retiro-maquinaria-y-que-el-directorio-vacio-sus-oficinas\/","title":{"rendered":"GRANJA TRES ARROYOS CERR\u00d3 SIN AVISO UNA PLANTA HISTORICA: DENUNCIAN QUE SE RETIR\u00d3 MAQUINARIA Y QUE EL DIRECTORIO VACI\u00d3 SUS OFICINAS"},"content":{"rendered":"<header class=\"header-wrapper-new\">\n<div class=\"article-header with-follow-button-ctn article-header-new\">\n<p class=\"article-subheadline text-align-left\"><span style=\"font-size: 12pt;\"><strong>Un comunicado interno notific\u00f3 la suspensi\u00f3n \u201chasta nuevo aviso\u201d por falta de suministro el\u00e9ctrico y fuerza mayor. Pero las m\u00e1quinas concesionadas ya no estaban y los directivos hab\u00edan vaciado sus oficinas<\/strong><\/span><\/p>\n<\/div>\n<\/header>\n<article>\n<div class=\"body-article \">\n<div class=\"visual__image image-initial-width\"><picture><img loading=\"lazy\" decoding=\"async\" class=\"global-image\" src=\"https:\/\/www.infobae.com\/resizer\/v2\/FATW2LJST5HSRO5LOO4Q42ODAM.jpg?auth=2b18febcf6101fafa3ec75d478320e456d8aae8d39877d1473441182b3f080d9&amp;smart=true&amp;width=350&amp;height=236&amp;quality=85\" alt=\"Granja Tres Arroyos\" width=\"1300\" height=\"876\" \/><\/picture>La empresa suspendi\u00f3 las operaciones &#8220;hasta nuevo aviso&#8221; e instruy\u00f3 al personal a no concurrir<\/div>\n<div><\/div>\n<div class=\"visual__image image-initial-width\"><a title=\"https:\/\/www.infobae.com\/tag\/granja-tres-arroyos\/\" href=\"https:\/\/www.infobae.com\/tag\/granja-tres-arroyos\/\" target=\"_blank\" rel=\"noopener noreferrer\" data-mrf-link=\"https:\/\/www.infobae.com\/tag\/granja-tres-arroyos\/\">Granja Tres Arroyos,<\/a>la empresa que supo ser la mayor av\u00edcola de la Argentina, suspendi\u00f3 este fin de semana\u00a0<b>las operaciones de su planta ubicada en Capit\u00e1n Sarmiento<\/b>, provincia de Buenos Aires, sin fecha de reanudaci\u00f3n y sin comunicaci\u00f3n previa al personal. Un comunicado interno al que accedi\u00f3\u00a0<b>Infobae<\/b>\u00a0notific\u00f3 que las tareas operativas quedan paralizadas\u00a0<b>\u201chasta nuevo aviso a partir del 31 de agosto de 2026\u201d<\/b>, con la instrucci\u00f3n de que el personal no concurra a prestar servicios salvo convocatoria expresa de un encargado o supervisor.<\/div>\n<div><\/div>\n<p class=\"paragraph\" data-paragraph-number=\"2\" data-mrf-recirculation=\"Links inline\">El documento atribuye la medida a\u00a0<b>\u201cla falta de suministro el\u00e9ctrico<\/b>\u00a0y a otras cuestiones operativas y productivas derivadas de circunstancias de fuerza mayor y de p\u00fablico conocimiento\u201d.<\/p>\n<\/div>\n<p data-paragraph-number=\"2\" data-mrf-recirculation=\"Links inline\">Seg\u00fan pudo saber este medio, las m\u00e1quinas concesionadas \u2014equipos alquilados a terceros\u2014 ya no est\u00e1n en el establecimiento. Fuentes con conocimiento de la realidad de la empresa comentaron que se retiraron zorras, equipos de armado de cajas y toda la maquinaria de empresas externas que operaba dentro de la planta. \u201cNo qued\u00f3 nada\u201d, describi\u00f3 esa misma fuente. A eso se suma otro dato que agrava el panorama: <b>miembros del directorio tambi\u00e9n habr\u00edan vaciado sus oficinas y retirado sus pertenencias de los dep\u00f3sitos<\/b>.<\/p>\n<div class=\"body-article \">\n<p class=\"paragraph\" data-paragraph-number=\"4\" data-mrf-recirculation=\"Links inline\">\u201cHoy la gente se desayun\u00f3 con eso. Estamos sin suministro el\u00e9ctrico por lo que no podemos trabajar\u201d, se\u00f1al\u00f3 la fuente, en referencia a la notificaci\u00f3n que recibieron los empleados ayer, al mismo tiempo que advirti\u00f3 que\u00a0<b>los trabajadores temen que la empresa no afronte el pago de las indemnizaciones<\/b>\u00a0correspondientes.<\/p>\n<div class=\"inline_2 ad-wrapper dfpAd ad-inline ad-text ad-component-container\" data-ad-wrapper=\"arcad\" data-ad-type=\"inline_2\" data-ad-slot=\"infobae\/economia\/nota\/inline_2\" data-ad-container=\"dfp\" data-ad-slot-name=\"infobae\/economia\/nota\/inline_2\">\n<p class=\"ad-shell-label\"><span style=\"color: #111111; font-family: Roboto, sans-serif; font-size: 27px;\">Una crisis que se acumula planta por planta<\/span><\/p>\n<\/div>\n<p class=\"paragraph\" data-paragraph-number=\"5\" data-mrf-recirculation=\"Links inline\">El cierre de\u00a0<b>Capit\u00e1n Sarmiento<\/b>\u00a0es el \u00faltimo eslab\u00f3n de una cadena de cierres, suspensiones y despidos que lleva meses desmantelando la estructura productiva de la mayor empresa av\u00edcola de la\u00a0<b>Argentina<\/b>.<\/p>\n<div class=\"visual__image\"><picture><source srcset=\"https:\/\/www.infobae.com\/resizer\/v2\/HD64WPT6UBCHPOECPSWITH3DQI.jpg?auth=a634231eaa5f6c5650ecec3745f4d4b763b1b1111b6d53607c04694b3a8ceac5&amp;smart=true&amp;width=992&amp;height=558&amp;quality=85\" media=\"(min-width: 1000px)\" \/><source srcset=\"https:\/\/www.infobae.com\/resizer\/v2\/HD64WPT6UBCHPOECPSWITH3DQI.jpg?auth=a634231eaa5f6c5650ecec3745f4d4b763b1b1111b6d53607c04694b3a8ceac5&amp;smart=true&amp;width=768&amp;height=432&amp;quality=85\" media=\"(min-width: 768px)\" \/><source srcset=\"https:\/\/www.infobae.com\/resizer\/v2\/HD64WPT6UBCHPOECPSWITH3DQI.jpg?auth=a634231eaa5f6c5650ecec3745f4d4b763b1b1111b6d53607c04694b3a8ceac5&amp;smart=true&amp;width=577&amp;height=324&amp;quality=85\" media=\"(min-width: 580px)\" \/><source srcset=\"https:\/\/www.infobae.com\/resizer\/v2\/HD64WPT6UBCHPOECPSWITH3DQI.jpg?auth=a634231eaa5f6c5650ecec3745f4d4b763b1b1111b6d53607c04694b3a8ceac5&amp;smart=true&amp;width=420&amp;height=236&amp;quality=85\" media=\"(min-width: 350px)\" \/><source srcset=\"https:\/\/www.infobae.com\/resizer\/v2\/HD64WPT6UBCHPOECPSWITH3DQI.jpg?auth=a634231eaa5f6c5650ecec3745f4d4b763b1b1111b6d53607c04694b3a8ceac5&amp;smart=true&amp;width=350&amp;height=197&amp;quality=85\" media=\"(min-width: 80px)\" \/><img loading=\"lazy\" decoding=\"async\" class=\"global-image\" src=\"https:\/\/www.infobae.com\/resizer\/v2\/HD64WPT6UBCHPOECPSWITH3DQI.jpg?auth=a634231eaa5f6c5650ecec3745f4d4b763b1b1111b6d53607c04694b3a8ceac5&amp;smart=true&amp;width=350&amp;height=197&amp;quality=85\" alt=\"La maquinaria concesionada desapareci\u00f3 de la planta \" width=\"770\" height=\"433\" \/><\/picture>La maquinaria concesionada desapareci\u00f3 de la planta<\/div>\n<p class=\"paragraph\" data-paragraph-number=\"6\" data-mrf-recirculation=\"Links inline\">La debacle comenz\u00f3 en diciembre de 2024, cuando\u00a0<b>Granja Tres Arroyos<\/b>\u00a0solicit\u00f3 ante la Secretar\u00eda de Trabajo de la Naci\u00f3n la apertura de un Procedimiento Preventivo de Crisis, expediente que nunca se formaliz\u00f3 a nivel nacional pero que aceler\u00f3 los recortes internos. Desde entonces, la compa\u00f1\u00eda cerr\u00f3 su planta de Trist\u00e1n Su\u00e1rez \u2014con 200 desvinculaciones sobre un plantel de 270\u2014, anunci\u00f3 el cierre definitivo de la planta de Becar en\u00a0<b>Concepci\u00f3n del Uruguay<\/b>,\u00a0<b>Entre R\u00edos<\/b>, y traslad\u00f3 a sus 270 trabajadores a la planta La China, ubicada a metros de distancia.<\/p>\n<div class=\"ad_1 ad-wrapper dfpAd ad-1-al-6 ad-text ad-component-container\" data-ad-wrapper=\"arcad\" data-ad-type=\"ad_1\" data-ad-slot=\"infobae\/economia\/nota\/ad_1\" data-ad-container=\"dfp\" data-ad-slot-name=\"infobae\/economia\/nota\/ad_1\">\n<p class=\"ad-shell-label\">En julio de este a\u00f1o, <a title=\"https:\/\/www.infobae.com\/economia\/2026\/08\/04\/granja-tres-arroyos-extiende-el-cierre-de-su-planta-en-cordoba-y-el-conflicto-ya-alcanza-cinco-localidades-del-pais\/\" href=\"https:\/\/www.infobae.com\/economia\/2026\/08\/04\/granja-tres-arroyos-extiende-el-cierre-de-su-planta-en-cordoba-y-el-conflicto-ya-alcanza-cinco-localidades-del-pais\/\" target=\"_blank\" rel=\"noopener noreferrer\" data-mrf-link=\"https:\/\/www.infobae.com\/economia\/2026\/08\/04\/granja-tres-arroyos-extiende-el-cierre-de-su-planta-en-cordoba-y-el-conflicto-ya-alcanza-cinco-localidades-del-pais\/\">tal como inform\u00f3\u00a0<b>Infobae<\/b><\/a>, la planta de\u00a0<b>Avex<\/b>\u00a0en\u00a0<b>R\u00edo Cuarto<\/b>,\u00a0<b>C\u00f3rdoba<\/b>, detuvo su actividad bajo la definici\u00f3n oficial de \u201cparada programada de dos semanas\u201d. Esa fecha no se cumpli\u00f3: a principios de agosto, el cierre se extendi\u00f3 por otros 15 d\u00edas, convirtiendo lo que iba a ser una parada t\u00e9cnica en un mes completo de paralizaci\u00f3n que afect\u00f3 a los\u00a0<b>350 trabajadores<\/b>\u00a0del establecimiento.<\/p>\n<\/div>\n<p class=\"paragraph\" data-paragraph-number=\"8\" data-mrf-recirculation=\"Links inline\">El mapa de conflictos se ampli\u00f3 a\u00fan m\u00e1s en agosto. La planta\u00a0<b>Pinazo<\/b>, en\u00a0<b>Pilar<\/b>\u00a0(Buenos Aires), suspendi\u00f3 a la totalidad de su personal. La planta\u00a0<b>Wade II<\/b>\u00a0\u2014ex Cresta Roja\u2014, en\u00a0<b>Esteban Echeverr\u00eda<\/b>, registr\u00f3 paralizaciones por conflictos salariales y bloqueos. La planta\u00a0<b>Wade I<\/b>, en\u00a0<b>Ezeiza<\/b>, opera con fuerte reducci\u00f3n de actividad. Y la planta\u00a0<b>La China<\/b>, en Concepci\u00f3n del Uruguay, permanece cerrada desde fines de mayo.<\/p>\n<div class=\"ad_2 ad-wrapper dfpAd ad-1-al-6 ad-text ad-component-container\" data-ad-wrapper=\"arcad\" data-ad-type=\"ad_2\" data-ad-slot=\"infobae\/economia\/nota\/ad_2\" data-ad-container=\"dfp\" data-ad-slot-name=\"infobae\/economia\/nota\/ad_2\">\n<p class=\"ad-shell-label\"><span style=\"color: #111111; font-family: Roboto, sans-serif; font-size: 27px;\">Despidos, sueldos adeudados y deuda millonaria<\/span><\/p>\n<\/div>\n<p class=\"paragraph\" data-paragraph-number=\"9\" data-mrf-recirculation=\"Links inline\">A mediados de agosto, Infobae inform\u00f3 que la empresa desvincul\u00f3 a\u00a0<b>250 trabajadores<\/b>\u00a0de su planta industrial de Concepci\u00f3n del Uruguay, sobre un plantel total de 900 empleados. Los telegramas enviados invocaron \u201cuna grave disminuci\u00f3n de trabajo no imputable a esta empleadora, originada en circunstancias extraordinarias y ajenas a su voluntad\u201d. La\u00a0<b>Federaci\u00f3n de Trabajadores de Industrias de la Alimentaci\u00f3n (FTIA)<\/b>\u00a0repudi\u00f3 los despidos y cuestion\u00f3 el accionar de la empresa frente a trabajadores que, seg\u00fan el gremio, acumulan el atraso de m\u00e1s de cinco quincenas de salarios.<\/p>\n<div class=\"visual__image\"><picture><source srcset=\"https:\/\/www.infobae.com\/resizer\/v2\/7BTJLKM3PNGS7MMXD2RRQT6XPU.jpg?auth=1f9394a3411c903e81ac9d61c2dc8b4d5a32af6cb03096a68222852c024c47e8&amp;smart=true&amp;width=992&amp;height=686&amp;quality=85\" media=\"(min-width: 1000px)\" \/><source srcset=\"https:\/\/www.infobae.com\/resizer\/v2\/7BTJLKM3PNGS7MMXD2RRQT6XPU.jpg?auth=1f9394a3411c903e81ac9d61c2dc8b4d5a32af6cb03096a68222852c024c47e8&amp;smart=true&amp;width=768&amp;height=531&amp;quality=85\" media=\"(min-width: 768px)\" \/><source srcset=\"https:\/\/www.infobae.com\/resizer\/v2\/7BTJLKM3PNGS7MMXD2RRQT6XPU.jpg?auth=1f9394a3411c903e81ac9d61c2dc8b4d5a32af6cb03096a68222852c024c47e8&amp;smart=true&amp;width=577&amp;height=399&amp;quality=85\" media=\"(min-width: 580px)\" \/><source srcset=\"https:\/\/www.infobae.com\/resizer\/v2\/7BTJLKM3PNGS7MMXD2RRQT6XPU.jpg?auth=1f9394a3411c903e81ac9d61c2dc8b4d5a32af6cb03096a68222852c024c47e8&amp;smart=true&amp;width=420&amp;height=290&amp;quality=85\" media=\"(min-width: 350px)\" \/><source srcset=\"https:\/\/www.infobae.com\/resizer\/v2\/7BTJLKM3PNGS7MMXD2RRQT6XPU.jpg?auth=1f9394a3411c903e81ac9d61c2dc8b4d5a32af6cb03096a68222852c024c47e8&amp;smart=true&amp;width=350&amp;height=242&amp;quality=85\" media=\"(min-width: 80px)\" \/><img loading=\"lazy\" decoding=\"async\" class=\"global-image\" src=\"https:\/\/www.infobae.com\/resizer\/v2\/7BTJLKM3PNGS7MMXD2RRQT6XPU.jpg?auth=1f9394a3411c903e81ac9d61c2dc8b4d5a32af6cb03096a68222852c024c47e8&amp;smart=true&amp;width=350&amp;height=242&amp;quality=85\" alt=\"Granja Tres Arroyos\" width=\"940\" height=\"650\" \/><\/picture>Los empleados temen que no haya indemnizaciones<\/div>\n<p class=\"paragraph\" data-paragraph-number=\"10\" data-mrf-recirculation=\"Links inline\"><b>Granja Tres Arroyos<\/b>\u00a0negocia con sus acreedores la reestructuraci\u00f3n de una deuda de\u00a0<b>USD 350,9 millones<\/b>, con la banca de inversi\u00f3n\u00a0<b>VALO<\/b>\u00a0como asesora del proceso. El plan contempla quitas de hasta el\u00a0<b>75% del capital<\/b>\u00a0adeudado, plazos de pago de hasta siete a\u00f1os y la venta de al menos cinco activos considerados no estrat\u00e9gicos para el grupo. A comienzos de a\u00f1o, dentro de ese mismo proceso de b\u00fasqueda de liquidez, la empresa vendi\u00f3 a\u00a0<b>ACA<\/b>\u00a0la planta de Avex en R\u00edo Cuarto bajo un esquema de venta con alquiler posterior, con opci\u00f3n de recompra dentro de cuatro a\u00f1os.<\/p>\n<div class=\"ad_3 ad-wrapper dfpAd ad-1-al-6 ad-text ad-component-container\" data-ad-wrapper=\"arcad\" data-ad-type=\"ad_3\" data-ad-slot=\"infobae\/economia\/nota\/ad_3\" data-ad-container=\"dfp\" data-ad-slot-name=\"infobae\/economia\/nota\/ad_3\">\n<p class=\"ad-shell-label\">Granja Tres Arroyos es conducida por <b>Joaqu\u00edn De Grazia<\/b>, hijo del fundador de la compa\u00f1\u00eda,\u00a0<b>Gaspar De Grazia<\/b>, un inmigrante italiano que comenz\u00f3 a vender pollos por las calles de\u00a0<b>Buenos Aires<\/b>\u00a0junto a su hermano en la d\u00e9cada de 1930. Desde 2022, el\u00a0<b>34% del capital<\/b>\u00a0de la empresa pertenece a la estadounidense\u00a0<b>Tyson Foods<\/b>. La compa\u00f1\u00eda no respondi\u00f3 a los pedidos de consulta de Infobae.<\/p>\n<p>www.infobae.com<\/p>\n<\/div>\n<\/div>\n<\/article>\n","protected":false},"excerpt":{"rendered":"<p>Un comunicado interno notific\u00f3 la suspensi\u00f3n \u201chasta nuevo aviso\u201d por falta de suministro el\u00e9ctrico y fuerza mayor. Pero las m\u00e1quinas concesionadas ya no estaban y los directivos hab\u00edan vaciado sus oficinas La empresa suspendi\u00f3 las operaciones &#8220;hasta nuevo aviso&#8221; e instruy\u00f3 al personal a no concurrir Granja Tres Arroyos,la empresa que supo ser la mayor [&hellip;]<\/p>\n","protected":false},"author":4,"featured_media":160404,"comment_status":"closed","ping_status":"closed","sticky":false,"template":"","format":"standard","meta":{"footnotes":""},"categories":[4],"tags":[],"class_list":["post-160403","post","type-post","status-publish","format-standard","has-post-thumbnail","category-nacionales"],"_links":{"self":[{"href":"https:\/\/revistaesperanzas.com\/web\/wp-json\/wp\/v2\/posts\/160403","targetHints":{"allow":["GET"]}}],"collection":[{"href":"https:\/\/revistaesperanzas.com\/web\/wp-json\/wp\/v2\/posts"}],"about":[{"href":"https:\/\/revistaesperanzas.com\/web\/wp-json\/wp\/v2\/types\/post"}],"author":[{"embeddable":true,"href":"https:\/\/revistaesperanzas.com\/web\/wp-json\/wp\/v2\/users\/4"}],"replies":[{"embeddable":true,"href":"https:\/\/revistaesperanzas.com\/web\/wp-json\/wp\/v2\/comments?post=160403"}],"version-history":[{"count":1,"href":"https:\/\/revistaesperanzas.com\/web\/wp-json\/wp\/v2\/posts\/160403\/revisions"}],"predecessor-version":[{"id":160405,"href":"https:\/\/revistaesperanzas.com\/web\/wp-json\/wp\/v2\/posts\/160403\/revisions\/160405"}],"wp:featuredmedia":[{"embeddable":true,"href":"https:\/\/revistaesperanzas.com\/web\/wp-json\/wp\/v2\/media\/160404"}],"wp:attachment":[{"href":"https:\/\/revistaesperanzas.com\/web\/wp-json\/wp\/v2\/media?parent=160403"}],"wp:term":[{"taxonomy":"category","embeddable":true,"href":"https:\/\/revistaesperanzas.com\/web\/wp-json\/wp\/v2\/categories?post=160403"},{"taxonomy":"post_tag","embeddable":true,"href":"https:\/\/revistaesperanzas.com\/web\/wp-json\/wp\/v2\/tags?post=160403"}],"curies":[{"name":"wp","href":"https:\/\/api.w.org\/{rel}","templated":true}]}}