{"id":160408,"date":"2026-08-31T19:58:52","date_gmt":"2026-08-31T22:58:52","guid":{"rendered":"https:\/\/revistaesperanzas.com\/web\/?p=160408"},"modified":"2026-08-31T19:58:53","modified_gmt":"2026-08-31T22:58:53","slug":"tras-rapida-investigacion","status":"publish","type":"post","link":"https:\/\/revistaesperanzas.com\/web\/2026\/08\/tras-rapida-investigacion\/","title":{"rendered":"TRAS RAPIDA INVESTIGACION . . . . . . ."},"content":{"rendered":"<p>La Polic\u00eda aprehendi\u00f3 a los presuntos autores del robo a un jubilado en horas de la madrugada<a href=\"https:\/\/revistaesperanzas.com\/web\/2026\/08\/tras-rapida-investigacion\/whatsapp-image-2026-08-30-at-23-17-57-2\/\" rel=\"attachment wp-att-160411\"><img loading=\"lazy\" decoding=\"async\" class=\" wp-image-160411 alignleft\" src=\"https:\/\/revistaesperanzas.com\/web\/wp-content\/uploads\/2026\/08\/WhatsApp-Image-2026-08-30-at-23.17.57-2.jpeg\" alt=\"\" width=\"380\" height=\"532\" srcset=\"https:\/\/revistaesperanzas.com\/web\/wp-content\/uploads\/2026\/08\/WhatsApp-Image-2026-08-30-at-23.17.57-2.jpeg 500w, https:\/\/revistaesperanzas.com\/web\/wp-content\/uploads\/2026\/08\/WhatsApp-Image-2026-08-30-at-23.17.57-2-300x420.jpeg 300w\" sizes=\"auto, (max-width: 380px) 100vw, 380px\" \/><\/a><\/p>\n<p>En horas de la tarde de hoy 30-08-26, efectivos policiales de la Direcci\u00f3n de Investigaci\u00f3n Criminal (D.I.C.), en relaci\u00f3n con un hecho ocurrido durante la madrugada en inmediaciones de Pasaje Catuegno al 1100 de esta ciudad, donde un hombre de 72 a\u00f1os habr\u00eda sido v\u00edctima de un violento robo y resultara lesionado, iniciaron r\u00e1pidamente una investigaci\u00f3n en colaboraci\u00f3n con la Unidad Fiscal interviniente, logrando en pocas horas aprehender a dos presuntos autores y avanzar en el esclarecimiento del hecho.<\/p>\n<p>Tras tomar conocimiento de lo ocurrido, los investigadores, en colaboraci\u00f3n de efectivos de la Comisar\u00eda Quinta Urbana, desplegaron distintas tareas investigativas, entre ellas el relevamiento y an\u00e1lisis de c\u00e1maras de seguridad. <a href=\"https:\/\/revistaesperanzas.com\/web\/2026\/08\/tras-rapida-investigacion\/whatsapp-image-2026-08-30-at-23-17-57-1\/\" rel=\"attachment wp-att-160412\"><img loading=\"lazy\" decoding=\"async\" class=\" wp-image-160412 alignright\" src=\"https:\/\/revistaesperanzas.com\/web\/wp-content\/uploads\/2026\/08\/WhatsApp-Image-2026-08-30-at-23.17.57-1.jpeg\" alt=\"\" width=\"380\" height=\"532\" srcset=\"https:\/\/revistaesperanzas.com\/web\/wp-content\/uploads\/2026\/08\/WhatsApp-Image-2026-08-30-at-23.17.57-1.jpeg 500w, https:\/\/revistaesperanzas.com\/web\/wp-content\/uploads\/2026\/08\/WhatsApp-Image-2026-08-30-at-23.17.57-1-300x420.jpeg 300w\" sizes=\"auto, (max-width: 380px) 100vw, 380px\" \/><\/a>De las secuencias f\u00edlmicas obtenidas se pudo observar a dos personas cuyas caracter\u00edsticas y vestimentas resultar\u00edan coincidentes con las descriptas durante las primeras averiguaciones, informaci\u00f3n que permiti\u00f3 orientar r\u00e1pidamente la pesquisa.<\/p>\n<p>Como resultado del eficaz trabajo desplegado, se logr\u00f3 la aprehensi\u00f3n de dos hombres mayores de edad, quienes al momento de ser localizados a\u00fan vest\u00edan prendas similares a las observadas en las im\u00e1genes de las c\u00e1maras de seguridad. Ambos ser\u00edan personas en situaci\u00f3n de calle. Asimismo, durante el procedimiento se procedi\u00f3 al secuestro de un arma blanca que podr\u00eda guardar relaci\u00f3n con la utilizada para cometer el hecho.<\/p>\n<p>Los aprehendidos y los elementos secuestrados fueron puestos a disposici\u00f3n de la autoridad judicial interviniente, mientras que en la dependencia policial se contin\u00faan con las diligencias correspondientes para el total esclarecimiento del hecho.<\/p>\n","protected":false},"excerpt":{"rendered":"<p>La Polic\u00eda aprehendi\u00f3 a los presuntos autores del robo a un jubilado en horas de la madrugada En horas de la tarde de hoy 30-08-26, efectivos policiales de la Direcci\u00f3n de Investigaci\u00f3n Criminal (D.I.C.), en relaci\u00f3n con un hecho ocurrido durante la madrugada en inmediaciones de Pasaje Catuegno al 1100 de esta ciudad, donde un [&hellip;]<\/p>\n","protected":false},"author":4,"featured_media":160410,"comment_status":"closed","ping_status":"closed","sticky":false,"template":"","format":"standard","meta":{"footnotes":""},"categories":[58],"tags":[],"class_list":["post-160408","post","type-post","status-publish","format-standard","has-post-thumbnail","category-corrientes"],"_links":{"self":[{"href":"https:\/\/revistaesperanzas.com\/web\/wp-json\/wp\/v2\/posts\/160408","targetHints":{"allow":["GET"]}}],"collection":[{"href":"https:\/\/revistaesperanzas.com\/web\/wp-json\/wp\/v2\/posts"}],"about":[{"href":"https:\/\/revistaesperanzas.com\/web\/wp-json\/wp\/v2\/types\/post"}],"author":[{"embeddable":true,"href":"https:\/\/revistaesperanzas.com\/web\/wp-json\/wp\/v2\/users\/4"}],"replies":[{"embeddable":true,"href":"https:\/\/revistaesperanzas.com\/web\/wp-json\/wp\/v2\/comments?post=160408"}],"version-history":[{"count":2,"href":"https:\/\/revistaesperanzas.com\/web\/wp-json\/wp\/v2\/posts\/160408\/revisions"}],"predecessor-version":[{"id":160414,"href":"https:\/\/revistaesperanzas.com\/web\/wp-json\/wp\/v2\/posts\/160408\/revisions\/160414"}],"wp:featuredmedia":[{"embeddable":true,"href":"https:\/\/revistaesperanzas.com\/web\/wp-json\/wp\/v2\/media\/160410"}],"wp:attachment":[{"href":"https:\/\/revistaesperanzas.com\/web\/wp-json\/wp\/v2\/media?parent=160408"}],"wp:term":[{"taxonomy":"category","embeddable":true,"href":"https:\/\/revistaesperanzas.com\/web\/wp-json\/wp\/v2\/categories?post=160408"},{"taxonomy":"post_tag","embeddable":true,"href":"https:\/\/revistaesperanzas.com\/web\/wp-json\/wp\/v2\/tags?post=160408"}],"curies":[{"name":"wp","href":"https:\/\/api.w.org\/{rel}","templated":true}]}}