{"id":160425,"date":"2026-09-01T19:48:07","date_gmt":"2026-09-01T22:48:07","guid":{"rendered":"https:\/\/revistaesperanzas.com\/web\/?p=160425"},"modified":"2026-09-01T19:48:15","modified_gmt":"2026-09-01T22:48:15","slug":"mariano-i-loza-el-jefe-de-la-policia-de-corrientes-participo-del-acto-y-desfile-cibico-militar-en-el-133-aniversario-de-la-localidad-de-mariano-i-loza","status":"publish","type":"post","link":"https:\/\/revistaesperanzas.com\/web\/2026\/09\/mariano-i-loza-el-jefe-de-la-policia-de-corrientes-participo-del-acto-y-desfile-cibico-militar-en-el-133-aniversario-de-la-localidad-de-mariano-i-loza\/","title":{"rendered":"MARIANO I. LOZA: EL JEFE DE LA POLICIA DE CORRIENTES PARTICIP\u00d3 DEL ACTO Y DESFILE CIBICO MILITAR EN EL 133 ANIVERSARIO DE LA LOCALIDAD DE MARIANO I. LOZA"},"content":{"rendered":"<p><a href=\"https:\/\/revistaesperanzas.com\/web\/2026\/09\/mariano-i-loza-el-jefe-de-la-policia-de-corrientes-participo-del-acto-y-desfile-cibico-militar-en-el-133-aniversario-de-la-localidad-de-mariano-i-loza\/whatsapp-image-2026-08-31-at-20-43-08-1\/\" rel=\"attachment wp-att-160427\"><img loading=\"lazy\" decoding=\"async\" class=\"wp-image-160427 alignright\" src=\"https:\/\/revistaesperanzas.com\/web\/wp-content\/uploads\/2026\/09\/WhatsApp-Image-2026-08-31-at-20.43.08-1.jpeg\" alt=\"\" width=\"400\" height=\"280\" srcset=\"https:\/\/revistaesperanzas.com\/web\/wp-content\/uploads\/2026\/09\/WhatsApp-Image-2026-08-31-at-20.43.08-1.jpeg 600w, https:\/\/revistaesperanzas.com\/web\/wp-content\/uploads\/2026\/09\/WhatsApp-Image-2026-08-31-at-20.43.08-1-100x70.jpeg 100w\" sizes=\"auto, (max-width: 400px) 100vw, 400px\" \/><\/a>En la ma\u00f1ana de hoy 31-08-26, se llev\u00f3 a cabo el acto y posterior desfile c\u00edvico militar en conmemoraci\u00f3n al 133\u00ba Aniversario de la localidad de Mariano I. Loza, en el cual, estuvieron presentes la Sra. Ministra de Educaci\u00f3n Prof. Ana Mi\u00f1o, el Sr. Ministro de Seguridad Dn. Adan Gaya, la Sra. Subsecretaria de Seguridad Lic.<a href=\"https:\/\/revistaesperanzas.com\/web\/2026\/09\/mariano-i-loza-el-jefe-de-la-policia-de-corrientes-participo-del-acto-y-desfile-cibico-militar-en-el-133-aniversario-de-la-localidad-de-mariano-i-loza\/whatsapp-image-2026-08-31-at-20-43-08-2\/\" rel=\"attachment wp-att-160428\"><img loading=\"lazy\" decoding=\"async\" class=\" wp-image-160428 alignleft\" src=\"https:\/\/revistaesperanzas.com\/web\/wp-content\/uploads\/2026\/09\/WhatsApp-Image-2026-08-31-at-20.43.08-2.jpeg\" alt=\"\" width=\"400\" height=\"280\" srcset=\"https:\/\/revistaesperanzas.com\/web\/wp-content\/uploads\/2026\/09\/WhatsApp-Image-2026-08-31-at-20.43.08-2.jpeg 600w, https:\/\/revistaesperanzas.com\/web\/wp-content\/uploads\/2026\/09\/WhatsApp-Image-2026-08-31-at-20.43.08-2-100x70.jpeg 100w\" sizes=\"auto, (max-width: 400px) 100vw, 400px\" \/><\/a> Ingrid Jetter, el Sr Jefe de Polic\u00eda Comisario General Lic. Miguel \u00c1ngel Leguizam\u00f3n, el Director General de Asuntos Judiciales y Represi\u00f3n del Delito Comisario General Lic. Sergio Aguilar, el Director de Unidad Regional III Curuz\u00fa Cuati\u00e1 Comisaria Mayor Lima Juan Ramon, personal superior y subalterno en actividad y en situaci\u00f3n de retiro y<a href=\"https:\/\/revistaesperanzas.com\/web\/2026\/09\/mariano-i-loza-el-jefe-de-la-policia-de-corrientes-participo-del-acto-y-desfile-cibico-militar-en-el-133-aniversario-de-la-localidad-de-mariano-i-loza\/whatsapp-image-2026-08-31-at-20-43-08\/\" rel=\"attachment wp-att-160429\"><img loading=\"lazy\" decoding=\"async\" class=\"wp-image-160429 alignright\" src=\"https:\/\/revistaesperanzas.com\/web\/wp-content\/uploads\/2026\/09\/WhatsApp-Image-2026-08-31-at-20.43.08.jpeg\" alt=\"\" width=\"400\" height=\"280\" srcset=\"https:\/\/revistaesperanzas.com\/web\/wp-content\/uploads\/2026\/09\/WhatsApp-Image-2026-08-31-at-20.43.08.jpeg 600w, https:\/\/revistaesperanzas.com\/web\/wp-content\/uploads\/2026\/09\/WhatsApp-Image-2026-08-31-at-20.43.08-100x70.jpeg 100w\" sizes=\"auto, (max-width: 400px) 100vw, 400px\" \/><\/a> familiares.<br \/>\nEl acto se desarroll\u00f3 en inmediaciones de la Plaza Central General San Martin de la citada localidad, iniciando tras el pasaje de revista y la entonaci\u00f3n de las estrofas del Himno Nacional Argentino ejecutado por la Banda de M\u00fasica de la Polic\u00eda de Corrientes, culminando posteriormente con el desfile<a href=\"https:\/\/revistaesperanzas.com\/web\/2026\/09\/mariano-i-loza-el-jefe-de-la-policia-de-corrientes-participo-del-acto-y-desfile-cibico-militar-en-el-133-aniversario-de-la-localidad-de-mariano-i-loza\/whatsapp-image-2026-08-31-at-20-43-09-1\/\" rel=\"attachment wp-att-160430\"><img loading=\"lazy\" decoding=\"async\" class=\" wp-image-160430 alignleft\" src=\"https:\/\/revistaesperanzas.com\/web\/wp-content\/uploads\/2026\/09\/WhatsApp-Image-2026-08-31-at-20.43.09-1.jpeg\" alt=\"\" width=\"400\" height=\"280\" srcset=\"https:\/\/revistaesperanzas.com\/web\/wp-content\/uploads\/2026\/09\/WhatsApp-Image-2026-08-31-at-20.43.09-1.jpeg 600w, https:\/\/revistaesperanzas.com\/web\/wp-content\/uploads\/2026\/09\/WhatsApp-Image-2026-08-31-at-20.43.09-1-100x70.jpeg 100w\" sizes=\"auto, (max-width: 400px) 100vw, 400px\" \/><\/a> c\u00edvico militar, donde participaron los distintos establecimientos educativos de la zona, secciones de la Escuela de Polic\u00eda y de la Escuela de Suboficiales, personal de la Unidad Regional III de Curuz\u00fa Cuat\u00eda, Grupo T\u00e1ctico Operacional -G.T.O.-, Divisi\u00f3n Canes y la Divisi\u00f3n Banda de M\u00fasica, cerrando el desfile la agrupaci\u00f3n automotor.<a href=\"https:\/\/revistaesperanzas.com\/web\/2026\/09\/mariano-i-loza-el-jefe-de-la-policia-de-corrientes-participo-del-acto-y-desfile-cibico-militar-en-el-133-aniversario-de-la-localidad-de-mariano-i-loza\/whatsapp-image-2026-08-31-at-20-43-09-2\/\" rel=\"attachment wp-att-160431\"><img loading=\"lazy\" decoding=\"async\" class=\"wp-image-160431 alignright\" src=\"https:\/\/revistaesperanzas.com\/web\/wp-content\/uploads\/2026\/09\/WhatsApp-Image-2026-08-31-at-20.43.09-2.jpeg\" alt=\"\" width=\"400\" height=\"280\" srcset=\"https:\/\/revistaesperanzas.com\/web\/wp-content\/uploads\/2026\/09\/WhatsApp-Image-2026-08-31-at-20.43.09-2.jpeg 600w, https:\/\/revistaesperanzas.com\/web\/wp-content\/uploads\/2026\/09\/WhatsApp-Image-2026-08-31-at-20.43.09-2-100x70.jpeg 100w\" sizes=\"auto, (max-width: 400px) 100vw, 400px\" \/><\/a><\/p>\n<p>Para finalizar, se dirigi\u00f3 a los presentes la Sra. Intendente y la Sra. Ministra de Educaci\u00f3n.<a href=\"https:\/\/revistaesperanzas.com\/web\/2026\/09\/mariano-i-loza-el-jefe-de-la-policia-de-corrientes-participo-del-acto-y-desfile-cibico-militar-en-el-133-aniversario-de-la-localidad-de-mariano-i-loza\/5-2\/\" rel=\"attachment wp-att-160432\"><img loading=\"lazy\" decoding=\"async\" class=\"size-full wp-image-160432 alignleft\" src=\"https:\/\/revistaesperanzas.com\/web\/wp-content\/uploads\/2026\/09\/5.jpg\" alt=\"\" width=\"1212\" height=\"1117\" srcset=\"https:\/\/revistaesperanzas.com\/web\/wp-content\/uploads\/2026\/09\/5.jpg 1212w, https:\/\/revistaesperanzas.com\/web\/wp-content\/uploads\/2026\/09\/5-456x420.jpg 456w, https:\/\/revistaesperanzas.com\/web\/wp-content\/uploads\/2026\/09\/5-696x641.jpg 696w, https:\/\/revistaesperanzas.com\/web\/wp-content\/uploads\/2026\/09\/5-1068x984.jpg 1068w\" sizes=\"auto, (max-width: 1212px) 100vw, 1212px\" \/><\/a><\/p>\n","protected":false},"excerpt":{"rendered":"<p>En la ma\u00f1ana de hoy 31-08-26, se llev\u00f3 a cabo el acto y posterior desfile c\u00edvico militar en conmemoraci\u00f3n al 133\u00ba Aniversario de la localidad de Mariano I. Loza, en el cual, estuvieron presentes la Sra. Ministra de Educaci\u00f3n Prof. Ana Mi\u00f1o, el Sr. Ministro de Seguridad Dn. Adan Gaya, la Sra. Subsecretaria de Seguridad [&hellip;]<\/p>\n","protected":false},"author":4,"featured_media":160426,"comment_status":"closed","ping_status":"closed","sticky":false,"template":"","format":"standard","meta":{"footnotes":""},"categories":[58],"tags":[],"class_list":["post-160425","post","type-post","status-publish","format-standard","has-post-thumbnail","category-corrientes"],"_links":{"self":[{"href":"https:\/\/revistaesperanzas.com\/web\/wp-json\/wp\/v2\/posts\/160425","targetHints":{"allow":["GET"]}}],"collection":[{"href":"https:\/\/revistaesperanzas.com\/web\/wp-json\/wp\/v2\/posts"}],"about":[{"href":"https:\/\/revistaesperanzas.com\/web\/wp-json\/wp\/v2\/types\/post"}],"author":[{"embeddable":true,"href":"https:\/\/revistaesperanzas.com\/web\/wp-json\/wp\/v2\/users\/4"}],"replies":[{"embeddable":true,"href":"https:\/\/revistaesperanzas.com\/web\/wp-json\/wp\/v2\/comments?post=160425"}],"version-history":[{"count":2,"href":"https:\/\/revistaesperanzas.com\/web\/wp-json\/wp\/v2\/posts\/160425\/revisions"}],"predecessor-version":[{"id":160435,"href":"https:\/\/revistaesperanzas.com\/web\/wp-json\/wp\/v2\/posts\/160425\/revisions\/160435"}],"wp:featuredmedia":[{"embeddable":true,"href":"https:\/\/revistaesperanzas.com\/web\/wp-json\/wp\/v2\/media\/160426"}],"wp:attachment":[{"href":"https:\/\/revistaesperanzas.com\/web\/wp-json\/wp\/v2\/media?parent=160425"}],"wp:term":[{"taxonomy":"category","embeddable":true,"href":"https:\/\/revistaesperanzas.com\/web\/wp-json\/wp\/v2\/categories?post=160425"},{"taxonomy":"post_tag","embeddable":true,"href":"https:\/\/revistaesperanzas.com\/web\/wp-json\/wp\/v2\/tags?post=160425"}],"curies":[{"name":"wp","href":"https:\/\/api.w.org\/{rel}","templated":true}]}}