{"id":160438,"date":"2026-09-01T19:51:55","date_gmt":"2026-09-01T22:51:55","guid":{"rendered":"https:\/\/revistaesperanzas.com\/web\/?p=160438"},"modified":"2026-09-01T19:51:55","modified_gmt":"2026-09-01T22:51:55","slug":"comisaria-decimo-septima-urbana","status":"publish","type":"post","link":"https:\/\/revistaesperanzas.com\/web\/2026\/09\/comisaria-decimo-septima-urbana\/","title":{"rendered":"COMISARIA DECIMO SEPTIMA URBANA"},"content":{"rendered":"<p>La Polic\u00eda recuper\u00f3 una motocicleta que fuera recientemente sustra\u00edda d\u00edas atras<br \/>\nEfectivos policiales de la Comisar\u00eda Decimo S\u00e9ptima Urbana, tras tomar conocimiento de un il\u00edcito, en un eficaz accionar, lograron hallar y recuperar una motocicleta recientemente sustra\u00edda.<\/p>\n<p>El procedimiento lo realizaron luego de tomar conocimiento de la sustracci\u00f3n de una motocicleta -marca Honda, modelo Wave 110c.c- que se encontraba en un domicilio del Barrio Punta Taitalo, por ello ante tal circunstancia y de forma inmediata los polic\u00edas iniciaron un intenso trabajo de investigaci\u00f3n e intensificaron los patrullajes por la zona, logrando de esta manera hallar y recuperar el rodado sustra\u00eddo.<\/p>\n<p>El rodado recuperado fue puestos a disposici\u00f3n de la autoridad fiscal en turno, siendo trasladado a la citada dependencia policial, donde se prosigue con los tr\u00e1mites que corresponden.<\/p>\n","protected":false},"excerpt":{"rendered":"<p>La Polic\u00eda recuper\u00f3 una motocicleta que fuera recientemente sustra\u00edda d\u00edas atras Efectivos policiales de la Comisar\u00eda Decimo S\u00e9ptima Urbana, tras tomar conocimiento de un il\u00edcito, en un eficaz accionar, lograron hallar y recuperar una motocicleta recientemente sustra\u00edda. El procedimiento lo realizaron luego de tomar conocimiento de la sustracci\u00f3n de una motocicleta -marca Honda, modelo Wave [&hellip;]<\/p>\n","protected":false},"author":4,"featured_media":160439,"comment_status":"closed","ping_status":"closed","sticky":false,"template":"","format":"standard","meta":{"footnotes":""},"categories":[58],"tags":[],"class_list":["post-160438","post","type-post","status-publish","format-standard","has-post-thumbnail","category-corrientes"],"_links":{"self":[{"href":"https:\/\/revistaesperanzas.com\/web\/wp-json\/wp\/v2\/posts\/160438","targetHints":{"allow":["GET"]}}],"collection":[{"href":"https:\/\/revistaesperanzas.com\/web\/wp-json\/wp\/v2\/posts"}],"about":[{"href":"https:\/\/revistaesperanzas.com\/web\/wp-json\/wp\/v2\/types\/post"}],"author":[{"embeddable":true,"href":"https:\/\/revistaesperanzas.com\/web\/wp-json\/wp\/v2\/users\/4"}],"replies":[{"embeddable":true,"href":"https:\/\/revistaesperanzas.com\/web\/wp-json\/wp\/v2\/comments?post=160438"}],"version-history":[{"count":1,"href":"https:\/\/revistaesperanzas.com\/web\/wp-json\/wp\/v2\/posts\/160438\/revisions"}],"predecessor-version":[{"id":160440,"href":"https:\/\/revistaesperanzas.com\/web\/wp-json\/wp\/v2\/posts\/160438\/revisions\/160440"}],"wp:featuredmedia":[{"embeddable":true,"href":"https:\/\/revistaesperanzas.com\/web\/wp-json\/wp\/v2\/media\/160439"}],"wp:attachment":[{"href":"https:\/\/revistaesperanzas.com\/web\/wp-json\/wp\/v2\/media?parent=160438"}],"wp:term":[{"taxonomy":"category","embeddable":true,"href":"https:\/\/revistaesperanzas.com\/web\/wp-json\/wp\/v2\/categories?post=160438"},{"taxonomy":"post_tag","embeddable":true,"href":"https:\/\/revistaesperanzas.com\/web\/wp-json\/wp\/v2\/tags?post=160438"}],"curies":[{"name":"wp","href":"https:\/\/api.w.org\/{rel}","templated":true}]}}