{"id":160441,"date":"2026-09-01T19:55:07","date_gmt":"2026-09-01T22:55:07","guid":{"rendered":"https:\/\/revistaesperanzas.com\/web\/?p=160441"},"modified":"2026-09-01T19:55:07","modified_gmt":"2026-09-01T22:55:07","slug":"sauce-policia-recupera-un-tractor-con-pedido-de-secuestro-por-parte-de-autoridades-judiciales-de-buenos-aires-detienen-a-una-persona","status":"publish","type":"post","link":"https:\/\/revistaesperanzas.com\/web\/2026\/09\/sauce-policia-recupera-un-tractor-con-pedido-de-secuestro-por-parte-de-autoridades-judiciales-de-buenos-aires-detienen-a-una-persona\/","title":{"rendered":"SAUCE: POLIC\u00cdA RECUPERA UN TRACTOR CON PEDIDO DE SECUESTRO POR PARTE DE AUTORIDADES JUDICIALES DE BUENOS AIRES. DETIENEN A UNA PERSONA"},"content":{"rendered":"<p>En la jornada de hoy 31-08-26, efectivos policiales de la Direcci\u00f3n General De Seguridad Rural y Ecol\u00f3gica de Sauce, lograron recuperar un tractor que registraba pedido de secuestro por parte las autoridades judiciales de la Provincia de Buenos Aires y detuvieron a un hombre.<\/p>\n<p>El procedimiento se concret\u00f3, en momento en que los funcionarios se encontraban emplazados sobre Ruta Provincial 23, realizando trabajo de prevenci\u00f3n y control vehicular, donde detuvieron la marcha de un cami\u00f3n que transportaba nueve novillos, con las correspondientes documentaciones, sin embargo, tambi\u00e9n en el interior del mismo, trasladaban un tractor &#8211; marca Fiat 700E- del cual, no pudieron justificar la propiedad.<\/p>\n<p>Por tal motivo, tras las primeras diligencias y averiguaciones, result\u00f3 que el tractor registraba pedido de secuestro por encontrarse involucrado en una causa por supuesta estafa en la Provincia de Buenos Aires, por ello, bajo las formalidades legales se procedi\u00f3 al secuestro preventivo de rodado y la aprehensi\u00f3n del conductor.<\/p>\n<p>Ante esta situaci\u00f3n, con conocimiento de la Unidad Fiscal interviniente, el tractor y su acoplado fueron trasladados a la citada dependencia policial a fin de continuar con las diligencias de rigor correspondientes.<\/p>\n","protected":false},"excerpt":{"rendered":"<p>En la jornada de hoy 31-08-26, efectivos policiales de la Direcci\u00f3n General De Seguridad Rural y Ecol\u00f3gica de Sauce, lograron recuperar un tractor que registraba pedido de secuestro por parte las autoridades judiciales de la Provincia de Buenos Aires y detuvieron a un hombre. El procedimiento se concret\u00f3, en momento en que los funcionarios se [&hellip;]<\/p>\n","protected":false},"author":4,"featured_media":160442,"comment_status":"closed","ping_status":"closed","sticky":false,"template":"","format":"standard","meta":{"footnotes":""},"categories":[58],"tags":[],"class_list":["post-160441","post","type-post","status-publish","format-standard","has-post-thumbnail","category-corrientes"],"_links":{"self":[{"href":"https:\/\/revistaesperanzas.com\/web\/wp-json\/wp\/v2\/posts\/160441","targetHints":{"allow":["GET"]}}],"collection":[{"href":"https:\/\/revistaesperanzas.com\/web\/wp-json\/wp\/v2\/posts"}],"about":[{"href":"https:\/\/revistaesperanzas.com\/web\/wp-json\/wp\/v2\/types\/post"}],"author":[{"embeddable":true,"href":"https:\/\/revistaesperanzas.com\/web\/wp-json\/wp\/v2\/users\/4"}],"replies":[{"embeddable":true,"href":"https:\/\/revistaesperanzas.com\/web\/wp-json\/wp\/v2\/comments?post=160441"}],"version-history":[{"count":1,"href":"https:\/\/revistaesperanzas.com\/web\/wp-json\/wp\/v2\/posts\/160441\/revisions"}],"predecessor-version":[{"id":160443,"href":"https:\/\/revistaesperanzas.com\/web\/wp-json\/wp\/v2\/posts\/160441\/revisions\/160443"}],"wp:featuredmedia":[{"embeddable":true,"href":"https:\/\/revistaesperanzas.com\/web\/wp-json\/wp\/v2\/media\/160442"}],"wp:attachment":[{"href":"https:\/\/revistaesperanzas.com\/web\/wp-json\/wp\/v2\/media?parent=160441"}],"wp:term":[{"taxonomy":"category","embeddable":true,"href":"https:\/\/revistaesperanzas.com\/web\/wp-json\/wp\/v2\/categories?post=160441"},{"taxonomy":"post_tag","embeddable":true,"href":"https:\/\/revistaesperanzas.com\/web\/wp-json\/wp\/v2\/tags?post=160441"}],"curies":[{"name":"wp","href":"https:\/\/api.w.org\/{rel}","templated":true}]}}