{"id":160449,"date":"2026-09-01T20:44:24","date_gmt":"2026-09-01T23:44:24","guid":{"rendered":"https:\/\/revistaesperanzas.com\/web\/?p=160449"},"modified":"2026-09-01T20:44:24","modified_gmt":"2026-09-01T23:44:24","slug":"7-aniversario-fundacion-brilla-mujer-para-pacientes-oncologicos-funciona-en-una-nueva-casita","status":"publish","type":"post","link":"https:\/\/revistaesperanzas.com\/web\/2026\/09\/7-aniversario-fundacion-brilla-mujer-para-pacientes-oncologicos-funciona-en-una-nueva-casita\/","title":{"rendered":"7\u00b0 Aniversario:  FUNDACI\u00d3N BRILLA MUJER, PARA PACIENTES ONCOL\u00d3GICOS, FUNCIONA EN UNA NUEVA \u201cCASITA\u201d"},"content":{"rendered":"<p class=\"x_MsoNormal\">El pasado 27 de agosto cumpli\u00f3 7 a\u00f1os de su conformaci\u00f3n la Fundaci\u00f3n Brilla Mujer, recibiendo la entidad numerosas salutaciones, colaboraciones, agradecimientos y deseos de \u00e9xitos en su misi\u00f3n solidaria que es ayudar a pacientes oncol\u00f3gicas de todas las edades.<\/p>\n<p class=\"x_MsoNormal\">\u00a0\u201cCelebramos los a\u00f1os de lucha incansable de Fundaci\u00f3n Brilla Mujer, iluminando el camino hacia la esperanza y la superaci\u00f3n. Cada una de las personas que han sido parte de esta lucha saben de la hermosa labor de \u00e9sta fundaci\u00f3n, compartiendo su fuerza y resiliencia\u201d reza una de las frases que se instaur\u00f3, en el marco de una nueva campa\u00f1a para conseguir elementos para conformar una huerta.<a href=\"https:\/\/revistaesperanzas.com\/web\/2026\/09\/7-aniversario-fundacion-brilla-mujer-para-pacientes-oncologicos-funciona-en-una-nueva-casita\/nota-brilla-mujer-2\/\" rel=\"attachment wp-att-160452\"><img loading=\"lazy\" decoding=\"async\" class=\" wp-image-160452 alignleft\" src=\"https:\/\/revistaesperanzas.com\/web\/wp-content\/uploads\/2026\/09\/nota-brilla-mujer-2.png\" alt=\"\" width=\"411\" height=\"575\" srcset=\"https:\/\/revistaesperanzas.com\/web\/wp-content\/uploads\/2026\/09\/nota-brilla-mujer-2.png 500w, https:\/\/revistaesperanzas.com\/web\/wp-content\/uploads\/2026\/09\/nota-brilla-mujer-2-300x420.png 300w\" sizes=\"auto, (max-width: 411px) 100vw, 411px\" \/><\/a><\/p>\n<p class=\"x_MsoNormal\">La fundaci\u00f3n Brilla Mujer est\u00e1 dirigida por la referente Mariela Valenzuela quien este martes, anunci\u00f3 ante micr\u00f3fonos de la 88.3 RADIO CIUDAD que la Fundaci\u00f3n se mud\u00f3 a una nueva \u201ccasita\u201d.<\/p>\n<p class=\"x_MsoNormal\">AGRADECIMIENTOS<\/p>\n<p class=\"x_MsoNormal\">La se\u00f1ora Valenzuela agradeci\u00f3 el acompa\u00f1amiento de Goya y de la comunidad toda a lo que comenz\u00f3 siendo un centro adherido de una instituci\u00f3n de Chaco \u201cdonde solamente enviabamos cabello para las pelucas y hoy d\u00eda con mucha novedad, con nuestra casita, con nuestro lugar propio, obvio, alquilado, pero es nuestro lugar en el cual tenemos m\u00e1s accesibilidad, con un ingreso tambi\u00e9n sorprendente, lamentablemente de aumento de pacientes\u201d dijo.<\/p>\n<p class=\"x_MsoNormal\">El pasado 27 de agosto ingres\u00f3 el paciente n\u00famero 300. \u201cAs\u00ed que estamos felices, de poder estar, de poder ayudar, de poder orientar a la gente\u201d.<\/p>\n<p class=\"x_MsoNormal\">Reconoci\u00f3 el aporte del Municipio de Goya que \u201cindudablemente sin su ayuda no hubiera sido posible much\u00edsimas cosas que se hicieron: podar \u00e1rboles, ornamentar con plantas, el tema de la luz, arena, much\u00edsimas cosas. No olvidar que tenemos que armar una casa para pacientes oncol\u00f3gicos\u201d se\u00f1al\u00f3.<\/p>\n<p class=\"x_MsoNormal\">PROYECTO HUERTA<\/p>\n<p class=\"x_MsoNormal\">En el marco de una nueva campa\u00f1a, la Fundaci\u00f3n solicita ayuda para el sostenimiento de su Misi\u00f3n \u201ctu aporte por m\u00e1s peque\u00f1a que sea ayuda y mucho\u201d reza la solicitud de elementos de huerta como rastrillos, azadas y palas.<\/p>\n<p class=\"x_MsoNormal\">\u201cHay otro proyecto que es La Huerta y ah\u00ed se est\u00e1 requiriendo de tres elementos necesario para el trabajo artesanal manual como pala, azada y rastrillo. Es una huerta que van a manejar los pacientes, son todas alternativas y terapias que va a ir implementando la casita para los pacientes y para la gente que tambi\u00e9n quiere sumarse, va a haber talleres de bordado, de crochet, de mu\u00f1ecas, taller de flores\u201d.<\/p>\n<p class=\"x_MsoNormal\">Agradeci\u00f3 a las personas que aportan su tiempo para llevar adelante estos talleres.<\/p>\n<p class=\"x_MsoNormal\">En este punto, asegur\u00f3 que en su momento \u201cse va ir largando el cronograma, los d\u00edas, los horarios y las personas de afuera van a ingresar porque se les va a proveer del material por una colaboraci\u00f3n que va a quedar para la fundaci\u00f3n\u201d.<\/p>\n<p class=\"x_MsoNormal\">Agradeci\u00f3 asimismo al Obispado de nuestra ciudad por ceder la casa \u00d1anderoga, donde funcion\u00f3 anteriormente Brilla Mujer. \u201cLe mand\u00e9 una nota al se\u00f1or obispo agradeciendo esos 2 a\u00f1os\u201d dijo.<\/p>\n<p class=\"x_MsoNormal\">Valenzuela por \u00faltimo aclar\u00f3 que La Fundaci\u00f3n no solo atiende a mujeres, tambi\u00e9n atiende a hombres, adolescentes y ni\u00f1os.<a href=\"https:\/\/revistaesperanzas.com\/web\/2026\/09\/7-aniversario-fundacion-brilla-mujer-para-pacientes-oncologicos-funciona-en-una-nueva-casita\/nota-brilla-mujer-1\/\" rel=\"attachment wp-att-160451\"><img loading=\"lazy\" decoding=\"async\" class=\" wp-image-160451 alignright\" src=\"https:\/\/revistaesperanzas.com\/web\/wp-content\/uploads\/2026\/09\/nota-brilla-mujer-1.png\" alt=\"\" width=\"410\" height=\"546\" srcset=\"https:\/\/revistaesperanzas.com\/web\/wp-content\/uploads\/2026\/09\/nota-brilla-mujer-1.png 500w, https:\/\/revistaesperanzas.com\/web\/wp-content\/uploads\/2026\/09\/nota-brilla-mujer-1-315x420.png 315w\" sizes=\"auto, (max-width: 410px) 100vw, 410px\" \/><\/a><\/p>\n<p class=\"x_MsoNormal\">\u201cNo tiene edad, no tiene sexo, hoy por hoy, en la casita le podemos dar un desayuno. Hay gente que s\u00ed tenemos algo para almorzar, se hace el almuerzo, comen, meriendan, ha llegado gente a colaborar y han estado almorzando. Hoy d\u00eda tienen un lugar donde quedarse, un lugar donde estar\u201d enfatiz\u00f3.<\/p>\n<p class=\"x_MsoNormal\">NUEVA CASITA<\/p>\n<p class=\"x_MsoNormal\">\u201cEstamos cubriendo todos los aspectos de necesidad. Y ellos (los pacientes) est\u00e1n muy contentos, muy conforme\u201d, invit\u00f3 a la ciudadan\u00eda \u201cque quiera pasar, conocer, mirar c\u00f3mo se maneja, c\u00f3mo trabajamos en la casita\u201d ser\u00e1n bienvenidos.<\/p>\n<p class=\"x_MsoNormal\">De esta manera, la nueva \u201cCasita\u201d queda visibilizada y en funcionamiento en su nueva direcci\u00f3n de Belgrano 1577. All\u00ed realiza su tarea de socializar las acciones de contenci\u00f3n, acompa\u00f1amiento al paciente oncol\u00f3gico, acerca de una propuesta destinada a la participaci\u00f3n de la comunidad.<\/p>\n<p class=\"x_MsoNormal\">\u201cSigamos brillando juntos, uniendo esfuerzos para vencer y apoyar a quienes m\u00e1s nos necesitan. Gracias por ser parte de esta luz que brilla en la oscuridad&#8221; cerr\u00f3 la referente de Brilla Mujer.<\/p>\n<p class=\"x_MsoNormal\">Para asesorarte, recibir donativos o informaci\u00f3n comunicarse al 3777\/ 257799.<\/p>\n<p class=\"x_MsoNormal\">Nueva direcci\u00f3n: Belgrano 1577 (Frente Colegio Dr. Juan E. Torrent)<\/p>\n<p class=\"x_MsoNormal\">Estamos aqu\u00ed para ayudarte y asesorarte para toda informaci\u00f3n, dirigirse a La Fundaci\u00f3n con atenci\u00f3n los d\u00edas: lunes, mi\u00e9rcoles y viernes de 9 a 12 \u00a0y de 16 a 18 horas. Para informes al 3777\/ 257799.<\/p>\n","protected":false},"excerpt":{"rendered":"<p>El pasado 27 de agosto cumpli\u00f3 7 a\u00f1os de su conformaci\u00f3n la Fundaci\u00f3n Brilla Mujer, recibiendo la entidad numerosas salutaciones, colaboraciones, agradecimientos y deseos de \u00e9xitos en su misi\u00f3n solidaria que es ayudar a pacientes oncol\u00f3gicas de todas las edades. \u00a0\u201cCelebramos los a\u00f1os de lucha incansable de Fundaci\u00f3n Brilla Mujer, iluminando el camino hacia la [&hellip;]<\/p>\n","protected":false},"author":4,"featured_media":160450,"comment_status":"closed","ping_status":"closed","sticky":false,"template":"","format":"standard","meta":{"footnotes":""},"categories":[45],"tags":[],"class_list":["post-160449","post","type-post","status-publish","format-standard","has-post-thumbnail","category-locales"],"_links":{"self":[{"href":"https:\/\/revistaesperanzas.com\/web\/wp-json\/wp\/v2\/posts\/160449","targetHints":{"allow":["GET"]}}],"collection":[{"href":"https:\/\/revistaesperanzas.com\/web\/wp-json\/wp\/v2\/posts"}],"about":[{"href":"https:\/\/revistaesperanzas.com\/web\/wp-json\/wp\/v2\/types\/post"}],"author":[{"embeddable":true,"href":"https:\/\/revistaesperanzas.com\/web\/wp-json\/wp\/v2\/users\/4"}],"replies":[{"embeddable":true,"href":"https:\/\/revistaesperanzas.com\/web\/wp-json\/wp\/v2\/comments?post=160449"}],"version-history":[{"count":2,"href":"https:\/\/revistaesperanzas.com\/web\/wp-json\/wp\/v2\/posts\/160449\/revisions"}],"predecessor-version":[{"id":160454,"href":"https:\/\/revistaesperanzas.com\/web\/wp-json\/wp\/v2\/posts\/160449\/revisions\/160454"}],"wp:featuredmedia":[{"embeddable":true,"href":"https:\/\/revistaesperanzas.com\/web\/wp-json\/wp\/v2\/media\/160450"}],"wp:attachment":[{"href":"https:\/\/revistaesperanzas.com\/web\/wp-json\/wp\/v2\/media?parent=160449"}],"wp:term":[{"taxonomy":"category","embeddable":true,"href":"https:\/\/revistaesperanzas.com\/web\/wp-json\/wp\/v2\/categories?post=160449"},{"taxonomy":"post_tag","embeddable":true,"href":"https:\/\/revistaesperanzas.com\/web\/wp-json\/wp\/v2\/tags?post=160449"}],"curies":[{"name":"wp","href":"https:\/\/api.w.org\/{rel}","templated":true}]}}